{"id":995638,"date":"2025-06-18T16:46:28","date_gmt":"2025-06-18T14:46:28","guid":{"rendered":"https:\/\/corretja-sl.com\/corretja-sl-empresa-de-referencia-en-osona-en-el-sector-de-la-construccion-con-una-logistica-propia-de-primer-nivel\/"},"modified":"2025-07-23T09:14:03","modified_gmt":"2025-07-23T07:14:03","slug":"corretja-sl-empresa-de-referencia-en-osona-en-el-sector-de-la-construccion-con-una-logistica-propia-de-primer-nivel","status":"publish","type":"post","link":"https:\/\/corretja-sl.com\/es\/corretja-sl-empresa-de-referencia-en-osona-en-el-sector-de-la-construccion-con-una-logistica-propia-de-primer-nivel\/","title":{"rendered":"Corretja SL, empresa de referencia en Osona en el sector de la construcci\u00f3n, con una log\u00edstica propia de primer nivel"},"content":{"rendered":"<div class=\"vgblk-rw-wrapper limit-wrapper\"><img fetchpriority=\"high\" decoding=\"async\" class=\"aligncenter wp-image-994055 size-full\" src=\"https:\/\/corretja-sl.com\/wp-content\/uploads\/2025\/06\/Construccio-1.jpg\" alt=\"\" width=\"887\" height=\"664\" srcset=\"https:\/\/corretja-sl.com\/wp-content\/uploads\/2025\/06\/Construccio-1.jpg 887w, https:\/\/corretja-sl.com\/wp-content\/uploads\/2025\/06\/Construccio-1-300x225.jpg 300w, https:\/\/corretja-sl.com\/wp-content\/uploads\/2025\/06\/Construccio-1-768x575.jpg 768w\" sizes=\"(max-width: 887px) 100vw, 887px\" \/><\/p>\n<p>Corretja SL sigue consolid\u00e1ndose como un referente indiscutible en el sector de la construcci\u00f3n en la comarca de Osona, destacando no s\u00f3lo por la calidad de sus materiales y su experiencia, sino tambi\u00e9n por un servicio log\u00edstico propio que marca la diferencia.<\/p>\n<p>Una de las grandes fortalezas de Corretja SL es su potente flota de camiones, que le permite ofrecer un servicio \u00e1gil, eficaz y adaptado a las necesidades espec\u00edficas de cada cliente. La empresa cuenta con servicio de transporte propio que incluye hasta 5 trailers, lo que le da una gran capacidad para hacer frente a la creciente demanda del sector y garantizar suministros puntuales, incluso en grandes vol\u00famenes u obras de gran envergadura. <\/p>\n<p>Este servicio log\u00edstico propio permite a Corretja SL controlar todo el proceso de distribuci\u00f3n, evitando dependencias externas y asegurando una puntualidad y fiabilidad muy valorada por los profesionales del sector. Desde peque\u00f1as obras hasta proyectos industriales o urban\u00edsticos, la empresa puede dar respuesta inmediata a los pedidos gracias a esta infraestructura propia. <\/p>\n<p>Adem\u00e1s, la flota est\u00e1 equipada con modernos sistemas de gesti\u00f3n y seguimiento, que permiten optimizar rutas, reducir tiempo de espera y garantizar la trazabilidad de cada entrega.<\/p>\n<p>Otro de los puntos que consolida a Corretja SL como empresa l\u00edder es su capacidad de abastecimiento. La empresa dispone de un gran stock de productos para la construcci\u00f3n, lo que permite dar respuesta inmediata a las necesidades de sus clientes sin depender de plazos de proveedores externos. Esta inmediata disponibilidad de materiales contribuye decisivamente a agilizar los tiempos de ejecuci\u00f3n de las obras.  <\/p>\n<p>Con una combinaci\u00f3n de servicio de calidad, log\u00edstica eficiente y atenci\u00f3n personalizada, Corretja SL se reafirma como socio imprescindible para constructores, arquitectos, empresas de obra p\u00fablica y promotores de toda la comarca y alrededores.<\/p>\n<p>Para m\u00e1s informaci\u00f3n sobre servicios y disponibilidad, puede contactar con su equipo o visitar sus instalaciones en Osona.<\/p>\n<div id='gallery-1' class='gallery galleryid-995638 gallery-columns-3 gallery-size-large'><figure class='gallery-item'>\n\t\t\t<div class='gallery-icon portrait'>\n\t\t\t\t<a href='https:\/\/corretja-sl.com\/wp-content\/uploads\/2025\/06\/camions2.jpg'><img decoding=\"async\" width=\"834\" height=\"1024\" src=\"https:\/\/corretja-sl.com\/wp-content\/uploads\/2025\/06\/camions2-834x1024.jpg\" class=\"attachment-large size-large\" alt=\"Corretja SL, log\u00edstica pr\u00f2pia de primer nivel\" srcset=\"https:\/\/corretja-sl.com\/wp-content\/uploads\/2025\/06\/camions2-834x1024.jpg 834w, https:\/\/corretja-sl.com\/wp-content\/uploads\/2025\/06\/camions2-244x300.jpg 244w, https:\/\/corretja-sl.com\/wp-content\/uploads\/2025\/06\/camions2-768x943.jpg 768w, https:\/\/corretja-sl.com\/wp-content\/uploads\/2025\/06\/camions2.jpg 887w\" sizes=\"(max-width: 834px) 100vw, 834px\" \/><\/a>\n\t\t\t<\/div><\/figure><figure class='gallery-item'>\n\t\t\t<div class='gallery-icon portrait'>\n\t\t\t\t<a href='https:\/\/corretja-sl.com\/wp-content\/uploads\/2025\/06\/construccio-3.jpg'><img decoding=\"async\" width=\"834\" height=\"1024\" src=\"https:\/\/corretja-sl.com\/wp-content\/uploads\/2025\/06\/construccio-3-834x1024.jpg\" class=\"attachment-large size-large\" alt=\"Corretja SL, sector de la construcci\u00f3,\" srcset=\"https:\/\/corretja-sl.com\/wp-content\/uploads\/2025\/06\/construccio-3-834x1024.jpg 834w, https:\/\/corretja-sl.com\/wp-content\/uploads\/2025\/06\/construccio-3-244x300.jpg 244w, https:\/\/corretja-sl.com\/wp-content\/uploads\/2025\/06\/construccio-3-768x943.jpg 768w, https:\/\/corretja-sl.com\/wp-content\/uploads\/2025\/06\/construccio-3.jpg 887w\" sizes=\"(max-width: 834px) 100vw, 834px\" \/><\/a>\n\t\t\t<\/div><\/figure><figure class='gallery-item'>\n\t\t\t<div class='gallery-icon portrait'>\n\t\t\t\t<a href='https:\/\/corretja-sl.com\/wp-content\/uploads\/2025\/06\/construccio4.jpg'><img loading=\"lazy\" decoding=\"async\" width=\"834\" height=\"1024\" src=\"https:\/\/corretja-sl.com\/wp-content\/uploads\/2025\/06\/construccio4-834x1024.jpg\" class=\"attachment-large size-large\" alt=\"Corretja SL\" srcset=\"https:\/\/corretja-sl.com\/wp-content\/uploads\/2025\/06\/construccio4-834x1024.jpg 834w, https:\/\/corretja-sl.com\/wp-content\/uploads\/2025\/06\/construccio4-244x300.jpg 244w, https:\/\/corretja-sl.com\/wp-content\/uploads\/2025\/06\/construccio4-768x943.jpg 768w, https:\/\/corretja-sl.com\/wp-content\/uploads\/2025\/06\/construccio4.jpg 887w\" sizes=\"(max-width: 834px) 100vw, 834px\" \/><\/a>\n\t\t\t<\/div><\/figure>\n\t\t<\/div>\n<\/div>\n<p><!-- .vgblk-rw-wrapper --><\/p>\n","protected":false},"excerpt":{"rendered":"<p>Corretja SL sigue consolid\u00e1ndose como un referente indiscutible en el sector de la construcci\u00f3n en la comarca de Osona, destacando no s\u00f3lo por la calidad de sus materiales y su experiencia, sino tambi\u00e9n por un servicio log\u00edstico propio que marca la diferencia. Una de las grandes fortalezas de Corretja SL es su potente flota de&#8230;<\/p>\n","protected":false},"author":1,"featured_media":995381,"comment_status":"closed","ping_status":"open","sticky":false,"template":"","format":"standard","meta":{"footnotes":""},"categories":[168],"tags":[],"class_list":["post-995638","post","type-post","status-publish","format-standard","has-post-thumbnail","hentry","category-corretja-es"],"yoast_head":"<!-- This site is optimized with the Yoast SEO plugin v27.4 - https:\/\/yoast.com\/product\/yoast-seo-wordpress\/ -->\n<title>Corretja SL, empresa de referencia en Osona en el sector de la construcci\u00f3n, con una log\u00edstica propia de primer nivel | Corretja<\/title>\n<meta name=\"description\" content=\"Continuamos consolid\u00e1ndonos como un referente indiscutible en el sector de la construcci\u00f3n en la comarca de Osona.\" \/>\n<meta name=\"robots\" content=\"index, follow, max-snippet:-1, max-image-preview:large, max-video-preview:-1\" \/>\n<link rel=\"canonical\" href=\"https:\/\/corretja-sl.com\/es\/corretja-sl-empresa-de-referencia-en-osona-en-el-sector-de-la-construccion-con-una-logistica-propia-de-primer-nivel\/\" \/>\n<meta property=\"og:locale\" content=\"es_ES\" \/>\n<meta property=\"og:type\" content=\"article\" \/>\n<meta property=\"og:title\" content=\"Corretja SL, empresa de referencia en Osona en el sector de la construcci\u00f3n, con una log\u00edstica propia de primer nivel | Corretja\" \/>\n<meta property=\"og:description\" content=\"Continuamos consolid\u00e1ndonos como un referente indiscutible en el sector de la construcci\u00f3n en la comarca de Osona.\" \/>\n<meta property=\"og:url\" content=\"https:\/\/corretja-sl.com\/es\/corretja-sl-empresa-de-referencia-en-osona-en-el-sector-de-la-construccion-con-una-logistica-propia-de-primer-nivel\/\" \/>\n<meta property=\"og:site_name\" content=\"CORRETJA SL\" \/>\n<meta property=\"article:publisher\" content=\"https:\/\/www.facebook.com\/corretjavic\" \/>\n<meta property=\"article:published_time\" content=\"2025-06-18T14:46:28+00:00\" \/>\n<meta property=\"article:modified_time\" content=\"2025-07-23T07:14:03+00:00\" \/>\n<meta property=\"og:image\" content=\"https:\/\/corretja-sl.com\/wp-content\/uploads\/2025\/06\/camions-1.jpg\" \/>\n\t<meta property=\"og:image:width\" content=\"500\" \/>\n\t<meta property=\"og:image:height\" content=\"374\" \/>\n\t<meta property=\"og:image:type\" content=\"image\/jpeg\" \/>\n<meta name=\"author\" content=\"mafsi\" \/>\n<meta name=\"twitter:card\" content=\"summary_large_image\" \/>\n<meta name=\"twitter:label1\" content=\"Escrito por\" \/>\n\t<meta name=\"twitter:data1\" content=\"mafsi\" \/>\n\t<meta name=\"twitter:label2\" content=\"Tiempo de lectura\" \/>\n\t<meta name=\"twitter:data2\" content=\"2 minutos\" \/>\n<script type=\"application\/ld+json\" class=\"yoast-schema-graph\">{\"@context\":\"https:\\\/\\\/schema.org\",\"@graph\":[{\"@type\":\"Article\",\"@id\":\"https:\\\/\\\/corretja-sl.com\\\/es\\\/corretja-sl-empresa-de-referencia-en-osona-en-el-sector-de-la-construccion-con-una-logistica-propia-de-primer-nivel\\\/#article\",\"isPartOf\":{\"@id\":\"https:\\\/\\\/corretja-sl.com\\\/es\\\/corretja-sl-empresa-de-referencia-en-osona-en-el-sector-de-la-construccion-con-una-logistica-propia-de-primer-nivel\\\/\"},\"author\":{\"name\":\"mafsi\",\"@id\":\"https:\\\/\\\/corretja-sl.com\\\/es\\\/#\\\/schema\\\/person\\\/32764d2ccf351b7e5af0480bc941275d\"},\"headline\":\"Corretja SL, empresa de referencia en Osona en el sector de la construcci\u00f3n, con una log\u00edstica propia de primer nivel\",\"datePublished\":\"2025-06-18T14:46:28+00:00\",\"dateModified\":\"2025-07-23T07:14:03+00:00\",\"mainEntityOfPage\":{\"@id\":\"https:\\\/\\\/corretja-sl.com\\\/es\\\/corretja-sl-empresa-de-referencia-en-osona-en-el-sector-de-la-construccion-con-una-logistica-propia-de-primer-nivel\\\/\"},\"wordCount\":359,\"publisher\":{\"@id\":\"https:\\\/\\\/corretja-sl.com\\\/es\\\/#organization\"},\"image\":{\"@id\":\"https:\\\/\\\/corretja-sl.com\\\/es\\\/corretja-sl-empresa-de-referencia-en-osona-en-el-sector-de-la-construccion-con-una-logistica-propia-de-primer-nivel\\\/#primaryimage\"},\"thumbnailUrl\":\"https:\\\/\\\/corretja-sl.com\\\/wp-content\\\/uploads\\\/2025\\\/06\\\/camions-1.jpg\",\"articleSection\":[\"Corretja\"],\"inLanguage\":\"es\"},{\"@type\":\"WebPage\",\"@id\":\"https:\\\/\\\/corretja-sl.com\\\/es\\\/corretja-sl-empresa-de-referencia-en-osona-en-el-sector-de-la-construccion-con-una-logistica-propia-de-primer-nivel\\\/\",\"url\":\"https:\\\/\\\/corretja-sl.com\\\/es\\\/corretja-sl-empresa-de-referencia-en-osona-en-el-sector-de-la-construccion-con-una-logistica-propia-de-primer-nivel\\\/\",\"name\":\"Corretja SL, empresa de referencia en Osona en el sector de la construcci\u00f3n, con una log\u00edstica propia de primer nivel | Corretja\",\"isPartOf\":{\"@id\":\"https:\\\/\\\/corretja-sl.com\\\/es\\\/#website\"},\"primaryImageOfPage\":{\"@id\":\"https:\\\/\\\/corretja-sl.com\\\/es\\\/corretja-sl-empresa-de-referencia-en-osona-en-el-sector-de-la-construccion-con-una-logistica-propia-de-primer-nivel\\\/#primaryimage\"},\"image\":{\"@id\":\"https:\\\/\\\/corretja-sl.com\\\/es\\\/corretja-sl-empresa-de-referencia-en-osona-en-el-sector-de-la-construccion-con-una-logistica-propia-de-primer-nivel\\\/#primaryimage\"},\"thumbnailUrl\":\"https:\\\/\\\/corretja-sl.com\\\/wp-content\\\/uploads\\\/2025\\\/06\\\/camions-1.jpg\",\"datePublished\":\"2025-06-18T14:46:28+00:00\",\"dateModified\":\"2025-07-23T07:14:03+00:00\",\"description\":\"Continuamos consolid\u00e1ndonos como un referente indiscutible en el sector de la construcci\u00f3n en la comarca de Osona.\",\"breadcrumb\":{\"@id\":\"https:\\\/\\\/corretja-sl.com\\\/es\\\/corretja-sl-empresa-de-referencia-en-osona-en-el-sector-de-la-construccion-con-una-logistica-propia-de-primer-nivel\\\/#breadcrumb\"},\"inLanguage\":\"es\",\"potentialAction\":[{\"@type\":\"ReadAction\",\"target\":[\"https:\\\/\\\/corretja-sl.com\\\/es\\\/corretja-sl-empresa-de-referencia-en-osona-en-el-sector-de-la-construccion-con-una-logistica-propia-de-primer-nivel\\\/\"]}]},{\"@type\":\"ImageObject\",\"inLanguage\":\"es\",\"@id\":\"https:\\\/\\\/corretja-sl.com\\\/es\\\/corretja-sl-empresa-de-referencia-en-osona-en-el-sector-de-la-construccion-con-una-logistica-propia-de-primer-nivel\\\/#primaryimage\",\"url\":\"https:\\\/\\\/corretja-sl.com\\\/wp-content\\\/uploads\\\/2025\\\/06\\\/camions-1.jpg\",\"contentUrl\":\"https:\\\/\\\/corretja-sl.com\\\/wp-content\\\/uploads\\\/2025\\\/06\\\/camions-1.jpg\",\"width\":500,\"height\":374,\"caption\":\"Camions Corretja SL\"},{\"@type\":\"BreadcrumbList\",\"@id\":\"https:\\\/\\\/corretja-sl.com\\\/es\\\/corretja-sl-empresa-de-referencia-en-osona-en-el-sector-de-la-construccion-con-una-logistica-propia-de-primer-nivel\\\/#breadcrumb\",\"itemListElement\":[{\"@type\":\"ListItem\",\"position\":1,\"name\":\"Inici\",\"item\":\"https:\\\/\\\/corretja-sl.com\\\/es\\\/\"},{\"@type\":\"ListItem\",\"position\":2,\"name\":\"Corretja SL, empresa de referencia en Osona en el sector de la construcci\u00f3n, con una log\u00edstica propia de primer nivel\"}]},{\"@type\":\"WebSite\",\"@id\":\"https:\\\/\\\/corretja-sl.com\\\/es\\\/#website\",\"url\":\"https:\\\/\\\/corretja-sl.com\\\/es\\\/\",\"name\":\"Corretja\",\"description\":\"Corretja\",\"publisher\":{\"@id\":\"https:\\\/\\\/corretja-sl.com\\\/es\\\/#organization\"},\"alternateName\":\"Corretja SL\",\"potentialAction\":[{\"@type\":\"SearchAction\",\"target\":{\"@type\":\"EntryPoint\",\"urlTemplate\":\"https:\\\/\\\/corretja-sl.com\\\/es\\\/?s={search_term_string}\"},\"query-input\":{\"@type\":\"PropertyValueSpecification\",\"valueRequired\":true,\"valueName\":\"search_term_string\"}}],\"inLanguage\":\"es\"},{\"@type\":\"Organization\",\"@id\":\"https:\\\/\\\/corretja-sl.com\\\/es\\\/#organization\",\"name\":\"Corretja\",\"alternateName\":\"Corretja SL\",\"url\":\"https:\\\/\\\/corretja-sl.com\\\/es\\\/\",\"logo\":{\"@type\":\"ImageObject\",\"inLanguage\":\"es\",\"@id\":\"https:\\\/\\\/corretja-sl.com\\\/es\\\/#\\\/schema\\\/logo\\\/image\\\/\",\"url\":\"https:\\\/\\\/corretja-sl.com\\\/wp-content\\\/uploads\\\/2024\\\/03\\\/Logo_CORRETJA-1.png\",\"contentUrl\":\"https:\\\/\\\/corretja-sl.com\\\/wp-content\\\/uploads\\\/2024\\\/03\\\/Logo_CORRETJA-1.png\",\"width\":2270,\"height\":773,\"caption\":\"Corretja\"},\"image\":{\"@id\":\"https:\\\/\\\/corretja-sl.com\\\/es\\\/#\\\/schema\\\/logo\\\/image\\\/\"},\"sameAs\":[\"https:\\\/\\\/www.facebook.com\\\/corretjavic\",\"https:\\\/\\\/www.instagram.com\\\/corretja_sl\\\/\"]},{\"@type\":\"Person\",\"@id\":\"https:\\\/\\\/corretja-sl.com\\\/es\\\/#\\\/schema\\\/person\\\/32764d2ccf351b7e5af0480bc941275d\",\"name\":\"mafsi\",\"image\":{\"@type\":\"ImageObject\",\"inLanguage\":\"es\",\"@id\":\"https:\\\/\\\/corretja-sl.com\\\/wp-content\\\/litespeed\\\/avatar\\\/1bdbb270914f7a11e50eaf05f69b2a22.jpg?ver=1777317013\",\"url\":\"https:\\\/\\\/corretja-sl.com\\\/wp-content\\\/litespeed\\\/avatar\\\/1bdbb270914f7a11e50eaf05f69b2a22.jpg?ver=1777317013\",\"contentUrl\":\"https:\\\/\\\/corretja-sl.com\\\/wp-content\\\/litespeed\\\/avatar\\\/1bdbb270914f7a11e50eaf05f69b2a22.jpg?ver=1777317013\",\"caption\":\"mafsi\"},\"sameAs\":[\"https:\\\/\\\/corretja-sl.com\"]}]}<\/script>\n<!-- \/ Yoast SEO plugin. -->","yoast_head_json":{"title":"Corretja SL, empresa de referencia en Osona en el sector de la construcci\u00f3n, con una log\u00edstica propia de primer nivel | Corretja","description":"Continuamos consolid\u00e1ndonos como un referente indiscutible en el sector de la construcci\u00f3n en la comarca de Osona.","robots":{"index":"index","follow":"follow","max-snippet":"max-snippet:-1","max-image-preview":"max-image-preview:large","max-video-preview":"max-video-preview:-1"},"canonical":"https:\/\/corretja-sl.com\/es\/corretja-sl-empresa-de-referencia-en-osona-en-el-sector-de-la-construccion-con-una-logistica-propia-de-primer-nivel\/","og_locale":"es_ES","og_type":"article","og_title":"Corretja SL, empresa de referencia en Osona en el sector de la construcci\u00f3n, con una log\u00edstica propia de primer nivel | Corretja","og_description":"Continuamos consolid\u00e1ndonos como un referente indiscutible en el sector de la construcci\u00f3n en la comarca de Osona.","og_url":"https:\/\/corretja-sl.com\/es\/corretja-sl-empresa-de-referencia-en-osona-en-el-sector-de-la-construccion-con-una-logistica-propia-de-primer-nivel\/","og_site_name":"CORRETJA SL","article_publisher":"https:\/\/www.facebook.com\/corretjavic","article_published_time":"2025-06-18T14:46:28+00:00","article_modified_time":"2025-07-23T07:14:03+00:00","og_image":[{"width":500,"height":374,"url":"https:\/\/corretja-sl.com\/wp-content\/uploads\/2025\/06\/camions-1.jpg","type":"image\/jpeg"}],"author":"mafsi","twitter_card":"summary_large_image","twitter_misc":{"Escrito por":"mafsi","Tiempo de lectura":"2 minutos"},"schema":{"@context":"https:\/\/schema.org","@graph":[{"@type":"Article","@id":"https:\/\/corretja-sl.com\/es\/corretja-sl-empresa-de-referencia-en-osona-en-el-sector-de-la-construccion-con-una-logistica-propia-de-primer-nivel\/#article","isPartOf":{"@id":"https:\/\/corretja-sl.com\/es\/corretja-sl-empresa-de-referencia-en-osona-en-el-sector-de-la-construccion-con-una-logistica-propia-de-primer-nivel\/"},"author":{"name":"mafsi","@id":"https:\/\/corretja-sl.com\/es\/#\/schema\/person\/32764d2ccf351b7e5af0480bc941275d"},"headline":"Corretja SL, empresa de referencia en Osona en el sector de la construcci\u00f3n, con una log\u00edstica propia de primer nivel","datePublished":"2025-06-18T14:46:28+00:00","dateModified":"2025-07-23T07:14:03+00:00","mainEntityOfPage":{"@id":"https:\/\/corretja-sl.com\/es\/corretja-sl-empresa-de-referencia-en-osona-en-el-sector-de-la-construccion-con-una-logistica-propia-de-primer-nivel\/"},"wordCount":359,"publisher":{"@id":"https:\/\/corretja-sl.com\/es\/#organization"},"image":{"@id":"https:\/\/corretja-sl.com\/es\/corretja-sl-empresa-de-referencia-en-osona-en-el-sector-de-la-construccion-con-una-logistica-propia-de-primer-nivel\/#primaryimage"},"thumbnailUrl":"https:\/\/corretja-sl.com\/wp-content\/uploads\/2025\/06\/camions-1.jpg","articleSection":["Corretja"],"inLanguage":"es"},{"@type":"WebPage","@id":"https:\/\/corretja-sl.com\/es\/corretja-sl-empresa-de-referencia-en-osona-en-el-sector-de-la-construccion-con-una-logistica-propia-de-primer-nivel\/","url":"https:\/\/corretja-sl.com\/es\/corretja-sl-empresa-de-referencia-en-osona-en-el-sector-de-la-construccion-con-una-logistica-propia-de-primer-nivel\/","name":"Corretja SL, empresa de referencia en Osona en el sector de la construcci\u00f3n, con una log\u00edstica propia de primer nivel | Corretja","isPartOf":{"@id":"https:\/\/corretja-sl.com\/es\/#website"},"primaryImageOfPage":{"@id":"https:\/\/corretja-sl.com\/es\/corretja-sl-empresa-de-referencia-en-osona-en-el-sector-de-la-construccion-con-una-logistica-propia-de-primer-nivel\/#primaryimage"},"image":{"@id":"https:\/\/corretja-sl.com\/es\/corretja-sl-empresa-de-referencia-en-osona-en-el-sector-de-la-construccion-con-una-logistica-propia-de-primer-nivel\/#primaryimage"},"thumbnailUrl":"https:\/\/corretja-sl.com\/wp-content\/uploads\/2025\/06\/camions-1.jpg","datePublished":"2025-06-18T14:46:28+00:00","dateModified":"2025-07-23T07:14:03+00:00","description":"Continuamos consolid\u00e1ndonos como un referente indiscutible en el sector de la construcci\u00f3n en la comarca de Osona.","breadcrumb":{"@id":"https:\/\/corretja-sl.com\/es\/corretja-sl-empresa-de-referencia-en-osona-en-el-sector-de-la-construccion-con-una-logistica-propia-de-primer-nivel\/#breadcrumb"},"inLanguage":"es","potentialAction":[{"@type":"ReadAction","target":["https:\/\/corretja-sl.com\/es\/corretja-sl-empresa-de-referencia-en-osona-en-el-sector-de-la-construccion-con-una-logistica-propia-de-primer-nivel\/"]}]},{"@type":"ImageObject","inLanguage":"es","@id":"https:\/\/corretja-sl.com\/es\/corretja-sl-empresa-de-referencia-en-osona-en-el-sector-de-la-construccion-con-una-logistica-propia-de-primer-nivel\/#primaryimage","url":"https:\/\/corretja-sl.com\/wp-content\/uploads\/2025\/06\/camions-1.jpg","contentUrl":"https:\/\/corretja-sl.com\/wp-content\/uploads\/2025\/06\/camions-1.jpg","width":500,"height":374,"caption":"Camions Corretja SL"},{"@type":"BreadcrumbList","@id":"https:\/\/corretja-sl.com\/es\/corretja-sl-empresa-de-referencia-en-osona-en-el-sector-de-la-construccion-con-una-logistica-propia-de-primer-nivel\/#breadcrumb","itemListElement":[{"@type":"ListItem","position":1,"name":"Inici","item":"https:\/\/corretja-sl.com\/es\/"},{"@type":"ListItem","position":2,"name":"Corretja SL, empresa de referencia en Osona en el sector de la construcci\u00f3n, con una log\u00edstica propia de primer nivel"}]},{"@type":"WebSite","@id":"https:\/\/corretja-sl.com\/es\/#website","url":"https:\/\/corretja-sl.com\/es\/","name":"Corretja","description":"Corretja","publisher":{"@id":"https:\/\/corretja-sl.com\/es\/#organization"},"alternateName":"Corretja SL","potentialAction":[{"@type":"SearchAction","target":{"@type":"EntryPoint","urlTemplate":"https:\/\/corretja-sl.com\/es\/?s={search_term_string}"},"query-input":{"@type":"PropertyValueSpecification","valueRequired":true,"valueName":"search_term_string"}}],"inLanguage":"es"},{"@type":"Organization","@id":"https:\/\/corretja-sl.com\/es\/#organization","name":"Corretja","alternateName":"Corretja SL","url":"https:\/\/corretja-sl.com\/es\/","logo":{"@type":"ImageObject","inLanguage":"es","@id":"https:\/\/corretja-sl.com\/es\/#\/schema\/logo\/image\/","url":"https:\/\/corretja-sl.com\/wp-content\/uploads\/2024\/03\/Logo_CORRETJA-1.png","contentUrl":"https:\/\/corretja-sl.com\/wp-content\/uploads\/2024\/03\/Logo_CORRETJA-1.png","width":2270,"height":773,"caption":"Corretja"},"image":{"@id":"https:\/\/corretja-sl.com\/es\/#\/schema\/logo\/image\/"},"sameAs":["https:\/\/www.facebook.com\/corretjavic","https:\/\/www.instagram.com\/corretja_sl\/"]},{"@type":"Person","@id":"https:\/\/corretja-sl.com\/es\/#\/schema\/person\/32764d2ccf351b7e5af0480bc941275d","name":"mafsi","image":{"@type":"ImageObject","inLanguage":"es","@id":"https:\/\/corretja-sl.com\/wp-content\/litespeed\/avatar\/1bdbb270914f7a11e50eaf05f69b2a22.jpg?ver=1777317013","url":"https:\/\/corretja-sl.com\/wp-content\/litespeed\/avatar\/1bdbb270914f7a11e50eaf05f69b2a22.jpg?ver=1777317013","contentUrl":"https:\/\/corretja-sl.com\/wp-content\/litespeed\/avatar\/1bdbb270914f7a11e50eaf05f69b2a22.jpg?ver=1777317013","caption":"mafsi"},"sameAs":["https:\/\/corretja-sl.com"]}]}},"_links":{"self":[{"href":"https:\/\/corretja-sl.com\/es\/wp-json\/wp\/v2\/posts\/995638","targetHints":{"allow":["GET"]}}],"collection":[{"href":"https:\/\/corretja-sl.com\/es\/wp-json\/wp\/v2\/posts"}],"about":[{"href":"https:\/\/corretja-sl.com\/es\/wp-json\/wp\/v2\/types\/post"}],"author":[{"embeddable":true,"href":"https:\/\/corretja-sl.com\/es\/wp-json\/wp\/v2\/users\/1"}],"replies":[{"embeddable":true,"href":"https:\/\/corretja-sl.com\/es\/wp-json\/wp\/v2\/comments?post=995638"}],"version-history":[{"count":1,"href":"https:\/\/corretja-sl.com\/es\/wp-json\/wp\/v2\/posts\/995638\/revisions"}],"predecessor-version":[{"id":995903,"href":"https:\/\/corretja-sl.com\/es\/wp-json\/wp\/v2\/posts\/995638\/revisions\/995903"}],"wp:featuredmedia":[{"embeddable":true,"href":"https:\/\/corretja-sl.com\/es\/wp-json\/wp\/v2\/media\/995381"}],"wp:attachment":[{"href":"https:\/\/corretja-sl.com\/es\/wp-json\/wp\/v2\/media?parent=995638"}],"wp:term":[{"taxonomy":"category","embeddable":true,"href":"https:\/\/corretja-sl.com\/es\/wp-json\/wp\/v2\/categories?post=995638"},{"taxonomy":"post_tag","embeddable":true,"href":"https:\/\/corretja-sl.com\/es\/wp-json\/wp\/v2\/tags?post=995638"}],"curies":[{"name":"wp","href":"https:\/\/api.w.org\/{rel}","templated":true}]}}