{"id":995661,"date":"2025-06-18T15:35:07","date_gmt":"2025-06-18T13:35:07","guid":{"rendered":"https:\/\/corretja-sl.com\/corretja-sl-inaugura-un-nuevo-showroom-dedicado-al-interiorismo-y-banos-con-mas-de-40-ambientes-inspiradores\/"},"modified":"2025-07-23T09:12:25","modified_gmt":"2025-07-23T07:12:25","slug":"corretja-sl-inaugura-un-nuevo-showroom-dedicado-al-interiorismo-y-banos-con-mas-de-40-ambientes-inspiradores","status":"publish","type":"post","link":"https:\/\/corretja-sl.com\/es\/corretja-sl-inaugura-un-nuevo-showroom-dedicado-al-interiorismo-y-banos-con-mas-de-40-ambientes-inspiradores\/","title":{"rendered":"Corretja SL inaugura un nuevo showroom dedicado al interiorismo y ba\u00f1os con m\u00e1s de 40 ambientes inspiradores"},"content":{"rendered":"<div class=\"vgblk-rw-wrapper limit-wrapper\">Corretja SL, empresa de referencia en el sector de la construcci\u00f3n y las reformas, ha inaugurado recientemente un nuevo showroom especializado en interiorismo y ba\u00f1os, un espacio exclusivo que re\u00fane a m\u00e1s de 40 ambientes completamente equipados con las \u00faltimas tendencias del mercado.<\/p>\n<p>Este nuevo espacio expositivo nace con la voluntad de ofrecer una experiencia inmersiva tanto a profesionales como a particulares, y presenta una amplia variedad de propuestas en cer\u00e1mica, sanitarios, mobiliario, grifos, revestimientos y soluciones decorativas de alta gama. Todo ello con marcas de prestigio como Porcelanosa, de la que Corretja SL es distribuidor oficial desde hace a\u00f1os. <\/p>\n<p>\u00abHemos creado un showroom pensado para que el cliente pueda ver, tocar e inspirarse. Queremos que sea un espacio vivo, din\u00e1mico y \u00fatil para arquitectos, interioristas y para cualquier persona que quiera transformar su casa con criterio y calidad\u00bb, explican desde Corretja.<\/p>\n<p>Con esta nueva apuesta, Corretja SL refuerza su compromiso con el dise\u00f1o contempor\u00e1neo, la innovaci\u00f3n y el servicio personalizado, poniendo al servicio del cliente una potente herramienta para imaginar y construir espacios \u00fanicos y funcionales.<\/p>\n<p>El showroom est\u00e1 abierto al p\u00fablico y ofrece visitas con asesoramiento t\u00e9cnico personalizado. Para m\u00e1s informaci\u00f3n o concertar una visita, se puede contactar directamente con el equipo de Corretja SL. <\/p>\n<p><img fetchpriority=\"high\" decoding=\"async\" class=\"aligncenter wp-image-994050 size-full\" src=\"https:\/\/corretja-sl.com\/wp-content\/uploads\/2025\/06\/showroom.png\" alt=\"\" width=\"945\" height=\"533\" srcset=\"https:\/\/corretja-sl.com\/wp-content\/uploads\/2025\/06\/showroom.png 945w, https:\/\/corretja-sl.com\/wp-content\/uploads\/2025\/06\/showroom-300x169.png 300w, https:\/\/corretja-sl.com\/wp-content\/uploads\/2025\/06\/showroom-768x433.png 768w\" sizes=\"(max-width: 945px) 100vw, 945px\" \/><\/div>\n<p><!-- .vgblk-rw-wrapper --><\/p>\n","protected":false},"excerpt":{"rendered":"<p>Corretja SL, empresa de referencia en el sector de la construcci\u00f3n y las reformas, ha inaugurado recientemente un nuevo showroom especializado en interiorismo y ba\u00f1os, un espacio exclusivo que re\u00fane a m\u00e1s de 40 ambientes completamente equipados con las \u00faltimas tendencias del mercado. Este nuevo espacio expositivo nace con la voluntad de ofrecer una experiencia&#8230;<\/p>\n","protected":false},"author":1,"featured_media":995380,"comment_status":"closed","ping_status":"open","sticky":false,"template":"","format":"standard","meta":{"footnotes":""},"categories":[168],"tags":[],"class_list":["post-995661","post","type-post","status-publish","format-standard","has-post-thumbnail","hentry","category-corretja-es"],"yoast_head":"<!-- This site is optimized with the Yoast SEO plugin v27.4 - https:\/\/yoast.com\/product\/yoast-seo-wordpress\/ -->\n<title>Corretja SL inaugura un nuevo showroom dedicado al interiorismo y ba\u00f1os con m\u00e1s de 40 ambientes inspiradores | Corretja<\/title>\n<meta name=\"description\" content=\"Hemos inaugurado recientemente un nuevo showroom especializado en interiorismo y ba\u00f1os.\" \/>\n<meta name=\"robots\" content=\"index, follow, max-snippet:-1, max-image-preview:large, max-video-preview:-1\" \/>\n<link rel=\"canonical\" href=\"https:\/\/corretja-sl.com\/es\/corretja-sl-inaugura-un-nuevo-showroom-dedicado-al-interiorismo-y-banos-con-mas-de-40-ambientes-inspiradores\/\" \/>\n<meta property=\"og:locale\" content=\"es_ES\" \/>\n<meta property=\"og:type\" content=\"article\" \/>\n<meta property=\"og:title\" content=\"Corretja SL inaugura un nuevo showroom dedicado al interiorismo y ba\u00f1os con m\u00e1s de 40 ambientes inspiradores | Corretja\" \/>\n<meta property=\"og:description\" content=\"Hemos inaugurado recientemente un nuevo showroom especializado en interiorismo y ba\u00f1os.\" \/>\n<meta property=\"og:url\" content=\"https:\/\/corretja-sl.com\/es\/corretja-sl-inaugura-un-nuevo-showroom-dedicado-al-interiorismo-y-banos-con-mas-de-40-ambientes-inspiradores\/\" \/>\n<meta property=\"og:site_name\" content=\"CORRETJA SL\" \/>\n<meta property=\"article:publisher\" content=\"https:\/\/www.facebook.com\/corretjavic\" \/>\n<meta property=\"article:published_time\" content=\"2025-06-18T13:35:07+00:00\" \/>\n<meta property=\"article:modified_time\" content=\"2025-07-23T07:12:25+00:00\" \/>\n<meta property=\"og:image\" content=\"https:\/\/corretja-sl.com\/wp-content\/uploads\/2025\/06\/showroom.png\" \/>\n\t<meta property=\"og:image:width\" content=\"945\" \/>\n\t<meta property=\"og:image:height\" content=\"533\" \/>\n\t<meta property=\"og:image:type\" content=\"image\/png\" \/>\n<meta name=\"author\" content=\"mafsi\" \/>\n<meta name=\"twitter:card\" content=\"summary_large_image\" \/>\n<meta name=\"twitter:label1\" content=\"Escrito por\" \/>\n\t<meta name=\"twitter:data1\" content=\"mafsi\" \/>\n\t<meta name=\"twitter:label2\" content=\"Tiempo de lectura\" \/>\n\t<meta name=\"twitter:data2\" content=\"1 minuto\" \/>\n<script type=\"application\/ld+json\" class=\"yoast-schema-graph\">{\"@context\":\"https:\\\/\\\/schema.org\",\"@graph\":[{\"@type\":\"Article\",\"@id\":\"https:\\\/\\\/corretja-sl.com\\\/es\\\/corretja-sl-inaugura-un-nuevo-showroom-dedicado-al-interiorismo-y-banos-con-mas-de-40-ambientes-inspiradores\\\/#article\",\"isPartOf\":{\"@id\":\"https:\\\/\\\/corretja-sl.com\\\/es\\\/corretja-sl-inaugura-un-nuevo-showroom-dedicado-al-interiorismo-y-banos-con-mas-de-40-ambientes-inspiradores\\\/\"},\"author\":{\"name\":\"mafsi\",\"@id\":\"https:\\\/\\\/corretja-sl.com\\\/es\\\/#\\\/schema\\\/person\\\/32764d2ccf351b7e5af0480bc941275d\"},\"headline\":\"Corretja SL inaugura un nuevo showroom dedicado al interiorismo y ba\u00f1os con m\u00e1s de 40 ambientes inspiradores\",\"datePublished\":\"2025-06-18T13:35:07+00:00\",\"dateModified\":\"2025-07-23T07:12:25+00:00\",\"mainEntityOfPage\":{\"@id\":\"https:\\\/\\\/corretja-sl.com\\\/es\\\/corretja-sl-inaugura-un-nuevo-showroom-dedicado-al-interiorismo-y-banos-con-mas-de-40-ambientes-inspiradores\\\/\"},\"wordCount\":238,\"publisher\":{\"@id\":\"https:\\\/\\\/corretja-sl.com\\\/es\\\/#organization\"},\"image\":{\"@id\":\"https:\\\/\\\/corretja-sl.com\\\/es\\\/corretja-sl-inaugura-un-nuevo-showroom-dedicado-al-interiorismo-y-banos-con-mas-de-40-ambientes-inspiradores\\\/#primaryimage\"},\"thumbnailUrl\":\"https:\\\/\\\/corretja-sl.com\\\/wp-content\\\/uploads\\\/2025\\\/06\\\/showroom.png\",\"articleSection\":[\"Corretja\"],\"inLanguage\":\"es\"},{\"@type\":\"WebPage\",\"@id\":\"https:\\\/\\\/corretja-sl.com\\\/es\\\/corretja-sl-inaugura-un-nuevo-showroom-dedicado-al-interiorismo-y-banos-con-mas-de-40-ambientes-inspiradores\\\/\",\"url\":\"https:\\\/\\\/corretja-sl.com\\\/es\\\/corretja-sl-inaugura-un-nuevo-showroom-dedicado-al-interiorismo-y-banos-con-mas-de-40-ambientes-inspiradores\\\/\",\"name\":\"Corretja SL inaugura un nuevo showroom dedicado al interiorismo y ba\u00f1os con m\u00e1s de 40 ambientes inspiradores | Corretja\",\"isPartOf\":{\"@id\":\"https:\\\/\\\/corretja-sl.com\\\/es\\\/#website\"},\"primaryImageOfPage\":{\"@id\":\"https:\\\/\\\/corretja-sl.com\\\/es\\\/corretja-sl-inaugura-un-nuevo-showroom-dedicado-al-interiorismo-y-banos-con-mas-de-40-ambientes-inspiradores\\\/#primaryimage\"},\"image\":{\"@id\":\"https:\\\/\\\/corretja-sl.com\\\/es\\\/corretja-sl-inaugura-un-nuevo-showroom-dedicado-al-interiorismo-y-banos-con-mas-de-40-ambientes-inspiradores\\\/#primaryimage\"},\"thumbnailUrl\":\"https:\\\/\\\/corretja-sl.com\\\/wp-content\\\/uploads\\\/2025\\\/06\\\/showroom.png\",\"datePublished\":\"2025-06-18T13:35:07+00:00\",\"dateModified\":\"2025-07-23T07:12:25+00:00\",\"description\":\"Hemos inaugurado recientemente un nuevo showroom especializado en interiorismo y ba\u00f1os.\",\"breadcrumb\":{\"@id\":\"https:\\\/\\\/corretja-sl.com\\\/es\\\/corretja-sl-inaugura-un-nuevo-showroom-dedicado-al-interiorismo-y-banos-con-mas-de-40-ambientes-inspiradores\\\/#breadcrumb\"},\"inLanguage\":\"es\",\"potentialAction\":[{\"@type\":\"ReadAction\",\"target\":[\"https:\\\/\\\/corretja-sl.com\\\/es\\\/corretja-sl-inaugura-un-nuevo-showroom-dedicado-al-interiorismo-y-banos-con-mas-de-40-ambientes-inspiradores\\\/\"]}]},{\"@type\":\"ImageObject\",\"inLanguage\":\"es\",\"@id\":\"https:\\\/\\\/corretja-sl.com\\\/es\\\/corretja-sl-inaugura-un-nuevo-showroom-dedicado-al-interiorismo-y-banos-con-mas-de-40-ambientes-inspiradores\\\/#primaryimage\",\"url\":\"https:\\\/\\\/corretja-sl.com\\\/wp-content\\\/uploads\\\/2025\\\/06\\\/showroom.png\",\"contentUrl\":\"https:\\\/\\\/corretja-sl.com\\\/wp-content\\\/uploads\\\/2025\\\/06\\\/showroom.png\",\"width\":945,\"height\":533,\"caption\":\"Corretja SL inaugura un nou showroom\"},{\"@type\":\"BreadcrumbList\",\"@id\":\"https:\\\/\\\/corretja-sl.com\\\/es\\\/corretja-sl-inaugura-un-nuevo-showroom-dedicado-al-interiorismo-y-banos-con-mas-de-40-ambientes-inspiradores\\\/#breadcrumb\",\"itemListElement\":[{\"@type\":\"ListItem\",\"position\":1,\"name\":\"Inici\",\"item\":\"https:\\\/\\\/corretja-sl.com\\\/es\\\/\"},{\"@type\":\"ListItem\",\"position\":2,\"name\":\"Corretja SL inaugura un nuevo showroom dedicado al interiorismo y ba\u00f1os con m\u00e1s de 40 ambientes inspiradores\"}]},{\"@type\":\"WebSite\",\"@id\":\"https:\\\/\\\/corretja-sl.com\\\/es\\\/#website\",\"url\":\"https:\\\/\\\/corretja-sl.com\\\/es\\\/\",\"name\":\"Corretja\",\"description\":\"Corretja\",\"publisher\":{\"@id\":\"https:\\\/\\\/corretja-sl.com\\\/es\\\/#organization\"},\"alternateName\":\"Corretja SL\",\"potentialAction\":[{\"@type\":\"SearchAction\",\"target\":{\"@type\":\"EntryPoint\",\"urlTemplate\":\"https:\\\/\\\/corretja-sl.com\\\/es\\\/?s={search_term_string}\"},\"query-input\":{\"@type\":\"PropertyValueSpecification\",\"valueRequired\":true,\"valueName\":\"search_term_string\"}}],\"inLanguage\":\"es\"},{\"@type\":\"Organization\",\"@id\":\"https:\\\/\\\/corretja-sl.com\\\/es\\\/#organization\",\"name\":\"Corretja\",\"alternateName\":\"Corretja SL\",\"url\":\"https:\\\/\\\/corretja-sl.com\\\/es\\\/\",\"logo\":{\"@type\":\"ImageObject\",\"inLanguage\":\"es\",\"@id\":\"https:\\\/\\\/corretja-sl.com\\\/es\\\/#\\\/schema\\\/logo\\\/image\\\/\",\"url\":\"https:\\\/\\\/corretja-sl.com\\\/wp-content\\\/uploads\\\/2024\\\/03\\\/Logo_CORRETJA-1.png\",\"contentUrl\":\"https:\\\/\\\/corretja-sl.com\\\/wp-content\\\/uploads\\\/2024\\\/03\\\/Logo_CORRETJA-1.png\",\"width\":2270,\"height\":773,\"caption\":\"Corretja\"},\"image\":{\"@id\":\"https:\\\/\\\/corretja-sl.com\\\/es\\\/#\\\/schema\\\/logo\\\/image\\\/\"},\"sameAs\":[\"https:\\\/\\\/www.facebook.com\\\/corretjavic\",\"https:\\\/\\\/www.instagram.com\\\/corretja_sl\\\/\"]},{\"@type\":\"Person\",\"@id\":\"https:\\\/\\\/corretja-sl.com\\\/es\\\/#\\\/schema\\\/person\\\/32764d2ccf351b7e5af0480bc941275d\",\"name\":\"mafsi\",\"image\":{\"@type\":\"ImageObject\",\"inLanguage\":\"es\",\"@id\":\"https:\\\/\\\/corretja-sl.com\\\/wp-content\\\/litespeed\\\/avatar\\\/1bdbb270914f7a11e50eaf05f69b2a22.jpg?ver=1776711906\",\"url\":\"https:\\\/\\\/corretja-sl.com\\\/wp-content\\\/litespeed\\\/avatar\\\/1bdbb270914f7a11e50eaf05f69b2a22.jpg?ver=1776711906\",\"contentUrl\":\"https:\\\/\\\/corretja-sl.com\\\/wp-content\\\/litespeed\\\/avatar\\\/1bdbb270914f7a11e50eaf05f69b2a22.jpg?ver=1776711906\",\"caption\":\"mafsi\"},\"sameAs\":[\"https:\\\/\\\/corretja-sl.com\"]}]}<\/script>\n<!-- \/ Yoast SEO plugin. -->","yoast_head_json":{"title":"Corretja SL inaugura un nuevo showroom dedicado al interiorismo y ba\u00f1os con m\u00e1s de 40 ambientes inspiradores | Corretja","description":"Hemos inaugurado recientemente un nuevo showroom especializado en interiorismo y ba\u00f1os.","robots":{"index":"index","follow":"follow","max-snippet":"max-snippet:-1","max-image-preview":"max-image-preview:large","max-video-preview":"max-video-preview:-1"},"canonical":"https:\/\/corretja-sl.com\/es\/corretja-sl-inaugura-un-nuevo-showroom-dedicado-al-interiorismo-y-banos-con-mas-de-40-ambientes-inspiradores\/","og_locale":"es_ES","og_type":"article","og_title":"Corretja SL inaugura un nuevo showroom dedicado al interiorismo y ba\u00f1os con m\u00e1s de 40 ambientes inspiradores | Corretja","og_description":"Hemos inaugurado recientemente un nuevo showroom especializado en interiorismo y ba\u00f1os.","og_url":"https:\/\/corretja-sl.com\/es\/corretja-sl-inaugura-un-nuevo-showroom-dedicado-al-interiorismo-y-banos-con-mas-de-40-ambientes-inspiradores\/","og_site_name":"CORRETJA SL","article_publisher":"https:\/\/www.facebook.com\/corretjavic","article_published_time":"2025-06-18T13:35:07+00:00","article_modified_time":"2025-07-23T07:12:25+00:00","og_image":[{"width":945,"height":533,"url":"https:\/\/corretja-sl.com\/wp-content\/uploads\/2025\/06\/showroom.png","type":"image\/png"}],"author":"mafsi","twitter_card":"summary_large_image","twitter_misc":{"Escrito por":"mafsi","Tiempo de lectura":"1 minuto"},"schema":{"@context":"https:\/\/schema.org","@graph":[{"@type":"Article","@id":"https:\/\/corretja-sl.com\/es\/corretja-sl-inaugura-un-nuevo-showroom-dedicado-al-interiorismo-y-banos-con-mas-de-40-ambientes-inspiradores\/#article","isPartOf":{"@id":"https:\/\/corretja-sl.com\/es\/corretja-sl-inaugura-un-nuevo-showroom-dedicado-al-interiorismo-y-banos-con-mas-de-40-ambientes-inspiradores\/"},"author":{"name":"mafsi","@id":"https:\/\/corretja-sl.com\/es\/#\/schema\/person\/32764d2ccf351b7e5af0480bc941275d"},"headline":"Corretja SL inaugura un nuevo showroom dedicado al interiorismo y ba\u00f1os con m\u00e1s de 40 ambientes inspiradores","datePublished":"2025-06-18T13:35:07+00:00","dateModified":"2025-07-23T07:12:25+00:00","mainEntityOfPage":{"@id":"https:\/\/corretja-sl.com\/es\/corretja-sl-inaugura-un-nuevo-showroom-dedicado-al-interiorismo-y-banos-con-mas-de-40-ambientes-inspiradores\/"},"wordCount":238,"publisher":{"@id":"https:\/\/corretja-sl.com\/es\/#organization"},"image":{"@id":"https:\/\/corretja-sl.com\/es\/corretja-sl-inaugura-un-nuevo-showroom-dedicado-al-interiorismo-y-banos-con-mas-de-40-ambientes-inspiradores\/#primaryimage"},"thumbnailUrl":"https:\/\/corretja-sl.com\/wp-content\/uploads\/2025\/06\/showroom.png","articleSection":["Corretja"],"inLanguage":"es"},{"@type":"WebPage","@id":"https:\/\/corretja-sl.com\/es\/corretja-sl-inaugura-un-nuevo-showroom-dedicado-al-interiorismo-y-banos-con-mas-de-40-ambientes-inspiradores\/","url":"https:\/\/corretja-sl.com\/es\/corretja-sl-inaugura-un-nuevo-showroom-dedicado-al-interiorismo-y-banos-con-mas-de-40-ambientes-inspiradores\/","name":"Corretja SL inaugura un nuevo showroom dedicado al interiorismo y ba\u00f1os con m\u00e1s de 40 ambientes inspiradores | Corretja","isPartOf":{"@id":"https:\/\/corretja-sl.com\/es\/#website"},"primaryImageOfPage":{"@id":"https:\/\/corretja-sl.com\/es\/corretja-sl-inaugura-un-nuevo-showroom-dedicado-al-interiorismo-y-banos-con-mas-de-40-ambientes-inspiradores\/#primaryimage"},"image":{"@id":"https:\/\/corretja-sl.com\/es\/corretja-sl-inaugura-un-nuevo-showroom-dedicado-al-interiorismo-y-banos-con-mas-de-40-ambientes-inspiradores\/#primaryimage"},"thumbnailUrl":"https:\/\/corretja-sl.com\/wp-content\/uploads\/2025\/06\/showroom.png","datePublished":"2025-06-18T13:35:07+00:00","dateModified":"2025-07-23T07:12:25+00:00","description":"Hemos inaugurado recientemente un nuevo showroom especializado en interiorismo y ba\u00f1os.","breadcrumb":{"@id":"https:\/\/corretja-sl.com\/es\/corretja-sl-inaugura-un-nuevo-showroom-dedicado-al-interiorismo-y-banos-con-mas-de-40-ambientes-inspiradores\/#breadcrumb"},"inLanguage":"es","potentialAction":[{"@type":"ReadAction","target":["https:\/\/corretja-sl.com\/es\/corretja-sl-inaugura-un-nuevo-showroom-dedicado-al-interiorismo-y-banos-con-mas-de-40-ambientes-inspiradores\/"]}]},{"@type":"ImageObject","inLanguage":"es","@id":"https:\/\/corretja-sl.com\/es\/corretja-sl-inaugura-un-nuevo-showroom-dedicado-al-interiorismo-y-banos-con-mas-de-40-ambientes-inspiradores\/#primaryimage","url":"https:\/\/corretja-sl.com\/wp-content\/uploads\/2025\/06\/showroom.png","contentUrl":"https:\/\/corretja-sl.com\/wp-content\/uploads\/2025\/06\/showroom.png","width":945,"height":533,"caption":"Corretja SL inaugura un nou showroom"},{"@type":"BreadcrumbList","@id":"https:\/\/corretja-sl.com\/es\/corretja-sl-inaugura-un-nuevo-showroom-dedicado-al-interiorismo-y-banos-con-mas-de-40-ambientes-inspiradores\/#breadcrumb","itemListElement":[{"@type":"ListItem","position":1,"name":"Inici","item":"https:\/\/corretja-sl.com\/es\/"},{"@type":"ListItem","position":2,"name":"Corretja SL inaugura un nuevo showroom dedicado al interiorismo y ba\u00f1os con m\u00e1s de 40 ambientes inspiradores"}]},{"@type":"WebSite","@id":"https:\/\/corretja-sl.com\/es\/#website","url":"https:\/\/corretja-sl.com\/es\/","name":"Corretja","description":"Corretja","publisher":{"@id":"https:\/\/corretja-sl.com\/es\/#organization"},"alternateName":"Corretja SL","potentialAction":[{"@type":"SearchAction","target":{"@type":"EntryPoint","urlTemplate":"https:\/\/corretja-sl.com\/es\/?s={search_term_string}"},"query-input":{"@type":"PropertyValueSpecification","valueRequired":true,"valueName":"search_term_string"}}],"inLanguage":"es"},{"@type":"Organization","@id":"https:\/\/corretja-sl.com\/es\/#organization","name":"Corretja","alternateName":"Corretja SL","url":"https:\/\/corretja-sl.com\/es\/","logo":{"@type":"ImageObject","inLanguage":"es","@id":"https:\/\/corretja-sl.com\/es\/#\/schema\/logo\/image\/","url":"https:\/\/corretja-sl.com\/wp-content\/uploads\/2024\/03\/Logo_CORRETJA-1.png","contentUrl":"https:\/\/corretja-sl.com\/wp-content\/uploads\/2024\/03\/Logo_CORRETJA-1.png","width":2270,"height":773,"caption":"Corretja"},"image":{"@id":"https:\/\/corretja-sl.com\/es\/#\/schema\/logo\/image\/"},"sameAs":["https:\/\/www.facebook.com\/corretjavic","https:\/\/www.instagram.com\/corretja_sl\/"]},{"@type":"Person","@id":"https:\/\/corretja-sl.com\/es\/#\/schema\/person\/32764d2ccf351b7e5af0480bc941275d","name":"mafsi","image":{"@type":"ImageObject","inLanguage":"es","@id":"https:\/\/corretja-sl.com\/wp-content\/litespeed\/avatar\/1bdbb270914f7a11e50eaf05f69b2a22.jpg?ver=1776711906","url":"https:\/\/corretja-sl.com\/wp-content\/litespeed\/avatar\/1bdbb270914f7a11e50eaf05f69b2a22.jpg?ver=1776711906","contentUrl":"https:\/\/corretja-sl.com\/wp-content\/litespeed\/avatar\/1bdbb270914f7a11e50eaf05f69b2a22.jpg?ver=1776711906","caption":"mafsi"},"sameAs":["https:\/\/corretja-sl.com"]}]}},"_links":{"self":[{"href":"https:\/\/corretja-sl.com\/es\/wp-json\/wp\/v2\/posts\/995661","targetHints":{"allow":["GET"]}}],"collection":[{"href":"https:\/\/corretja-sl.com\/es\/wp-json\/wp\/v2\/posts"}],"about":[{"href":"https:\/\/corretja-sl.com\/es\/wp-json\/wp\/v2\/types\/post"}],"author":[{"embeddable":true,"href":"https:\/\/corretja-sl.com\/es\/wp-json\/wp\/v2\/users\/1"}],"replies":[{"embeddable":true,"href":"https:\/\/corretja-sl.com\/es\/wp-json\/wp\/v2\/comments?post=995661"}],"version-history":[{"count":1,"href":"https:\/\/corretja-sl.com\/es\/wp-json\/wp\/v2\/posts\/995661\/revisions"}],"predecessor-version":[{"id":995902,"href":"https:\/\/corretja-sl.com\/es\/wp-json\/wp\/v2\/posts\/995661\/revisions\/995902"}],"wp:featuredmedia":[{"embeddable":true,"href":"https:\/\/corretja-sl.com\/es\/wp-json\/wp\/v2\/media\/995380"}],"wp:attachment":[{"href":"https:\/\/corretja-sl.com\/es\/wp-json\/wp\/v2\/media?parent=995661"}],"wp:term":[{"taxonomy":"category","embeddable":true,"href":"https:\/\/corretja-sl.com\/es\/wp-json\/wp\/v2\/categories?post=995661"},{"taxonomy":"post_tag","embeddable":true,"href":"https:\/\/corretja-sl.com\/es\/wp-json\/wp\/v2\/tags?post=995661"}],"curies":[{"name":"wp","href":"https:\/\/api.w.org\/{rel}","templated":true}]}}