{"id":995667,"date":"2025-06-18T13:28:23","date_gmt":"2025-06-18T11:28:23","guid":{"rendered":"https:\/\/corretja-sl.com\/porcelanosa-como-marca-de-preste-de-corretja-s-l\/"},"modified":"2025-07-23T09:04:35","modified_gmt":"2025-07-23T07:04:35","slug":"porcelanosa-como-marca-de-preste-de-corretja-s-l","status":"publish","type":"post","link":"https:\/\/corretja-sl.com\/es\/porcelanosa-como-marca-de-preste-de-corretja-s-l\/","title":{"rendered":"Porcelanosa como marca de preste de Corretja S.L"},"content":{"rendered":"<div class=\"vgblk-rw-wrapper limit-wrapper\">Porcelanosa es un grupo empresarial espa\u00f1ol con m\u00e1s de 50 a\u00f1os de experiencia, especializado en dise\u00f1o integral y fabricaci\u00f3n de soluciones arquitect\u00f3nicas para espacios residenciales, hoteleros y comerciales.<\/p>\n<p><img fetchpriority=\"high\" decoding=\"async\" class=\"aligncenter wp-image-994027\" src=\"https:\/\/corretja-sl.com\/wp-content\/uploads\/2025\/06\/porcelanosa-ok-769x1024.jpg\" alt=\"\" width=\"500\" height=\"666\" srcset=\"https:\/\/corretja-sl.com\/wp-content\/uploads\/2025\/06\/porcelanosa-ok-769x1024.jpg 769w, https:\/\/corretja-sl.com\/wp-content\/uploads\/2025\/06\/porcelanosa-ok-225x300.jpg 225w, https:\/\/corretja-sl.com\/wp-content\/uploads\/2025\/06\/porcelanosa-ok-768x1022.jpg 768w, https:\/\/corretja-sl.com\/wp-content\/uploads\/2025\/06\/porcelanosa-ok.jpg 1000w\" sizes=\"(max-width: 500px) 100vw, 500px\" \/><\/p>\n<p><strong>Principales marcas y productos<\/strong><\/p>\n<p>Porcelanosa es el n\u00facleo de un holding que integra siete marcas:<\/p>\n<p>\u2022 <strong>Porcelanosa<\/strong>: cer\u00e1mica y revestimientos.<\/p>\n<p>\u2022 <strong>Gamadecor<\/strong>: mobiliario de cocina y ba\u00f1o.<\/p>\n<p>\u2022 <strong>L\u2019Antic Colonial<\/strong>: materiales naturales como piedra y madera.<\/p>\n<p>\u2022 <strong>Butech<\/strong>: sistemas constructivos y soluciones t\u00e9cnicas.<\/p>\n<p>\u2022 <strong>Noken<\/strong>: sanitarios y grifer\u00eda.<\/p>\n<p>\u2022 <strong>Xtone<\/strong>: superficies sinterizadas para interiores.<\/p>\n<p>\u2022 <strong>Krion<\/strong>: superficies s\u00f3lidas de \u00faltima generaci\u00f3n, antibacterianas y f\u00e1ciles de mantener.<\/p>\n<div id='gallery-1' class='gallery galleryid-995667 gallery-columns-3 gallery-size-large'><figure class='gallery-item'>\n\t\t\t<div class='gallery-icon landscape'>\n\t\t\t\t<a href='https:\/\/corretja-sl.com\/wp-content\/uploads\/2025\/06\/porcelanosa-1.jpg'><img decoding=\"async\" width=\"500\" height=\"358\" src=\"https:\/\/corretja-sl.com\/wp-content\/uploads\/2025\/06\/porcelanosa-1.jpg\" class=\"attachment-large size-large\" alt=\"Porcelanosa com a marca\" srcset=\"https:\/\/corretja-sl.com\/wp-content\/uploads\/2025\/06\/porcelanosa-1.jpg 500w, https:\/\/corretja-sl.com\/wp-content\/uploads\/2025\/06\/porcelanosa-1-300x215.jpg 300w\" sizes=\"(max-width: 500px) 100vw, 500px\" \/><\/a>\n\t\t\t<\/div><\/figure><figure class='gallery-item'>\n\t\t\t<div class='gallery-icon landscape'>\n\t\t\t\t<a href='https:\/\/corretja-sl.com\/wp-content\/uploads\/2025\/06\/porcelanosa-2.jpg'><img decoding=\"async\" width=\"500\" height=\"358\" src=\"https:\/\/corretja-sl.com\/wp-content\/uploads\/2025\/06\/porcelanosa-2.jpg\" class=\"attachment-large size-large\" alt=\"Marca Corretja Porcelanosa\" srcset=\"https:\/\/corretja-sl.com\/wp-content\/uploads\/2025\/06\/porcelanosa-2.jpg 500w, https:\/\/corretja-sl.com\/wp-content\/uploads\/2025\/06\/porcelanosa-2-300x215.jpg 300w\" sizes=\"(max-width: 500px) 100vw, 500px\" \/><\/a>\n\t\t\t<\/div><\/figure><figure class='gallery-item'>\n\t\t\t<div class='gallery-icon landscape'>\n\t\t\t\t<a href='https:\/\/corretja-sl.com\/wp-content\/uploads\/2025\/06\/porcelanosa-3.jpg'><img loading=\"lazy\" decoding=\"async\" width=\"500\" height=\"358\" src=\"https:\/\/corretja-sl.com\/wp-content\/uploads\/2025\/06\/porcelanosa-3.jpg\" class=\"attachment-large size-large\" alt=\"Porcelanosa com a marca de Corretja S.L\" srcset=\"https:\/\/corretja-sl.com\/wp-content\/uploads\/2025\/06\/porcelanosa-3.jpg 500w, https:\/\/corretja-sl.com\/wp-content\/uploads\/2025\/06\/porcelanosa-3-300x215.jpg 300w\" sizes=\"(max-width: 500px) 100vw, 500px\" \/><\/a>\n\t\t\t<\/div><\/figure>\n\t\t<\/div>\n<\/div>\n<p><!-- .vgblk-rw-wrapper --><\/p>\n","protected":false},"excerpt":{"rendered":"<p>Porcelanosa es un grupo empresarial espa\u00f1ol con m\u00e1s de 50 a\u00f1os de experiencia, especializado en dise\u00f1o integral y fabricaci\u00f3n de soluciones arquitect\u00f3nicas para espacios residenciales, hoteleros y comerciales. Principales marcas y productos Porcelanosa es el n\u00facleo de un holding que integra siete marcas: \u2022 Porcelanosa: cer\u00e1mica y revestimientos. \u2022 Gamadecor: mobiliario de cocina y ba\u00f1o&#8230;.<\/p>\n","protected":false},"author":1,"featured_media":995375,"comment_status":"closed","ping_status":"open","sticky":false,"template":"","format":"standard","meta":{"footnotes":""},"categories":[168],"tags":[],"class_list":["post-995667","post","type-post","status-publish","format-standard","has-post-thumbnail","hentry","category-corretja-es"],"yoast_head":"<!-- This site is optimized with the Yoast SEO plugin v27.4 - https:\/\/yoast.com\/product\/yoast-seo-wordpress\/ -->\n<title>Porcelanosa como marca de preste de Corretja S.L | Corretja<\/title>\n<meta name=\"description\" content=\"Porcelanosa es un grupo empresarial espa\u00f1ol con m\u00e1s de 50 a\u00f1os de experiencia, especializado en dise\u00f1o integral y fabricaci\u00f3n de soluciones arquitect\u00f3nicas.\" \/>\n<meta name=\"robots\" content=\"index, follow, max-snippet:-1, max-image-preview:large, max-video-preview:-1\" \/>\n<link rel=\"canonical\" href=\"https:\/\/corretja-sl.com\/es\/porcelanosa-como-marca-de-preste-de-corretja-s-l\/\" \/>\n<meta property=\"og:locale\" content=\"es_ES\" \/>\n<meta property=\"og:type\" content=\"article\" \/>\n<meta property=\"og:title\" content=\"Porcelanosa como marca de preste de Corretja S.L | Corretja\" \/>\n<meta property=\"og:description\" content=\"Porcelanosa es un grupo empresarial espa\u00f1ol con m\u00e1s de 50 a\u00f1os de experiencia, especializado en dise\u00f1o integral y fabricaci\u00f3n de soluciones arquitect\u00f3nicas.\" \/>\n<meta property=\"og:url\" content=\"https:\/\/corretja-sl.com\/es\/porcelanosa-como-marca-de-preste-de-corretja-s-l\/\" \/>\n<meta property=\"og:site_name\" content=\"CORRETJA SL\" \/>\n<meta property=\"article:publisher\" content=\"https:\/\/www.facebook.com\/corretjavic\" \/>\n<meta property=\"article:published_time\" content=\"2025-06-18T11:28:23+00:00\" \/>\n<meta property=\"article:modified_time\" content=\"2025-07-23T07:04:35+00:00\" \/>\n<meta property=\"og:image\" content=\"https:\/\/corretja-sl.com\/wp-content\/uploads\/2025\/06\/porcelanosa-ok.jpg\" \/>\n\t<meta property=\"og:image:width\" content=\"1000\" \/>\n\t<meta property=\"og:image:height\" content=\"1331\" \/>\n\t<meta property=\"og:image:type\" content=\"image\/jpeg\" \/>\n<meta name=\"author\" content=\"mafsi\" \/>\n<meta name=\"twitter:card\" content=\"summary_large_image\" \/>\n<meta name=\"twitter:label1\" content=\"Escrito por\" \/>\n\t<meta name=\"twitter:data1\" content=\"mafsi\" \/>\n\t<meta name=\"twitter:label2\" content=\"Tiempo de lectura\" \/>\n\t<meta name=\"twitter:data2\" content=\"1 minuto\" \/>\n<script type=\"application\/ld+json\" class=\"yoast-schema-graph\">{\"@context\":\"https:\\\/\\\/schema.org\",\"@graph\":[{\"@type\":\"Article\",\"@id\":\"https:\\\/\\\/corretja-sl.com\\\/es\\\/porcelanosa-como-marca-de-preste-de-corretja-s-l\\\/#article\",\"isPartOf\":{\"@id\":\"https:\\\/\\\/corretja-sl.com\\\/es\\\/porcelanosa-como-marca-de-preste-de-corretja-s-l\\\/\"},\"author\":{\"name\":\"mafsi\",\"@id\":\"https:\\\/\\\/corretja-sl.com\\\/es\\\/#\\\/schema\\\/person\\\/32764d2ccf351b7e5af0480bc941275d\"},\"headline\":\"Porcelanosa como marca de preste de Corretja S.L\",\"datePublished\":\"2025-06-18T11:28:23+00:00\",\"dateModified\":\"2025-07-23T07:04:35+00:00\",\"mainEntityOfPage\":{\"@id\":\"https:\\\/\\\/corretja-sl.com\\\/es\\\/porcelanosa-como-marca-de-preste-de-corretja-s-l\\\/\"},\"wordCount\":116,\"publisher\":{\"@id\":\"https:\\\/\\\/corretja-sl.com\\\/es\\\/#organization\"},\"image\":{\"@id\":\"https:\\\/\\\/corretja-sl.com\\\/es\\\/porcelanosa-como-marca-de-preste-de-corretja-s-l\\\/#primaryimage\"},\"thumbnailUrl\":\"https:\\\/\\\/corretja-sl.com\\\/wp-content\\\/uploads\\\/2025\\\/06\\\/porcelanosa-ok.jpg\",\"articleSection\":[\"Corretja\"],\"inLanguage\":\"es\"},{\"@type\":\"WebPage\",\"@id\":\"https:\\\/\\\/corretja-sl.com\\\/es\\\/porcelanosa-como-marca-de-preste-de-corretja-s-l\\\/\",\"url\":\"https:\\\/\\\/corretja-sl.com\\\/es\\\/porcelanosa-como-marca-de-preste-de-corretja-s-l\\\/\",\"name\":\"Porcelanosa como marca de preste de Corretja S.L | Corretja\",\"isPartOf\":{\"@id\":\"https:\\\/\\\/corretja-sl.com\\\/es\\\/#website\"},\"primaryImageOfPage\":{\"@id\":\"https:\\\/\\\/corretja-sl.com\\\/es\\\/porcelanosa-como-marca-de-preste-de-corretja-s-l\\\/#primaryimage\"},\"image\":{\"@id\":\"https:\\\/\\\/corretja-sl.com\\\/es\\\/porcelanosa-como-marca-de-preste-de-corretja-s-l\\\/#primaryimage\"},\"thumbnailUrl\":\"https:\\\/\\\/corretja-sl.com\\\/wp-content\\\/uploads\\\/2025\\\/06\\\/porcelanosa-ok.jpg\",\"datePublished\":\"2025-06-18T11:28:23+00:00\",\"dateModified\":\"2025-07-23T07:04:35+00:00\",\"description\":\"Porcelanosa es un grupo empresarial espa\u00f1ol con m\u00e1s de 50 a\u00f1os de experiencia, especializado en dise\u00f1o integral y fabricaci\u00f3n de soluciones arquitect\u00f3nicas.\",\"breadcrumb\":{\"@id\":\"https:\\\/\\\/corretja-sl.com\\\/es\\\/porcelanosa-como-marca-de-preste-de-corretja-s-l\\\/#breadcrumb\"},\"inLanguage\":\"es\",\"potentialAction\":[{\"@type\":\"ReadAction\",\"target\":[\"https:\\\/\\\/corretja-sl.com\\\/es\\\/porcelanosa-como-marca-de-preste-de-corretja-s-l\\\/\"]}]},{\"@type\":\"ImageObject\",\"inLanguage\":\"es\",\"@id\":\"https:\\\/\\\/corretja-sl.com\\\/es\\\/porcelanosa-como-marca-de-preste-de-corretja-s-l\\\/#primaryimage\",\"url\":\"https:\\\/\\\/corretja-sl.com\\\/wp-content\\\/uploads\\\/2025\\\/06\\\/porcelanosa-ok.jpg\",\"contentUrl\":\"https:\\\/\\\/corretja-sl.com\\\/wp-content\\\/uploads\\\/2025\\\/06\\\/porcelanosa-ok.jpg\",\"width\":1000,\"height\":1331,\"caption\":\"Porcelanosa Corretja\"},{\"@type\":\"BreadcrumbList\",\"@id\":\"https:\\\/\\\/corretja-sl.com\\\/es\\\/porcelanosa-como-marca-de-preste-de-corretja-s-l\\\/#breadcrumb\",\"itemListElement\":[{\"@type\":\"ListItem\",\"position\":1,\"name\":\"Inici\",\"item\":\"https:\\\/\\\/corretja-sl.com\\\/es\\\/\"},{\"@type\":\"ListItem\",\"position\":2,\"name\":\"Porcelanosa como marca de preste de Corretja S.L\"}]},{\"@type\":\"WebSite\",\"@id\":\"https:\\\/\\\/corretja-sl.com\\\/es\\\/#website\",\"url\":\"https:\\\/\\\/corretja-sl.com\\\/es\\\/\",\"name\":\"Corretja\",\"description\":\"Corretja\",\"publisher\":{\"@id\":\"https:\\\/\\\/corretja-sl.com\\\/es\\\/#organization\"},\"alternateName\":\"Corretja SL\",\"potentialAction\":[{\"@type\":\"SearchAction\",\"target\":{\"@type\":\"EntryPoint\",\"urlTemplate\":\"https:\\\/\\\/corretja-sl.com\\\/es\\\/?s={search_term_string}\"},\"query-input\":{\"@type\":\"PropertyValueSpecification\",\"valueRequired\":true,\"valueName\":\"search_term_string\"}}],\"inLanguage\":\"es\"},{\"@type\":\"Organization\",\"@id\":\"https:\\\/\\\/corretja-sl.com\\\/es\\\/#organization\",\"name\":\"Corretja\",\"alternateName\":\"Corretja SL\",\"url\":\"https:\\\/\\\/corretja-sl.com\\\/es\\\/\",\"logo\":{\"@type\":\"ImageObject\",\"inLanguage\":\"es\",\"@id\":\"https:\\\/\\\/corretja-sl.com\\\/es\\\/#\\\/schema\\\/logo\\\/image\\\/\",\"url\":\"https:\\\/\\\/corretja-sl.com\\\/wp-content\\\/uploads\\\/2024\\\/03\\\/Logo_CORRETJA-1.png\",\"contentUrl\":\"https:\\\/\\\/corretja-sl.com\\\/wp-content\\\/uploads\\\/2024\\\/03\\\/Logo_CORRETJA-1.png\",\"width\":2270,\"height\":773,\"caption\":\"Corretja\"},\"image\":{\"@id\":\"https:\\\/\\\/corretja-sl.com\\\/es\\\/#\\\/schema\\\/logo\\\/image\\\/\"},\"sameAs\":[\"https:\\\/\\\/www.facebook.com\\\/corretjavic\",\"https:\\\/\\\/www.instagram.com\\\/corretja_sl\\\/\"]},{\"@type\":\"Person\",\"@id\":\"https:\\\/\\\/corretja-sl.com\\\/es\\\/#\\\/schema\\\/person\\\/32764d2ccf351b7e5af0480bc941275d\",\"name\":\"mafsi\",\"image\":{\"@type\":\"ImageObject\",\"inLanguage\":\"es\",\"@id\":\"https:\\\/\\\/corretja-sl.com\\\/wp-content\\\/litespeed\\\/avatar\\\/1bdbb270914f7a11e50eaf05f69b2a22.jpg?ver=1776711906\",\"url\":\"https:\\\/\\\/corretja-sl.com\\\/wp-content\\\/litespeed\\\/avatar\\\/1bdbb270914f7a11e50eaf05f69b2a22.jpg?ver=1776711906\",\"contentUrl\":\"https:\\\/\\\/corretja-sl.com\\\/wp-content\\\/litespeed\\\/avatar\\\/1bdbb270914f7a11e50eaf05f69b2a22.jpg?ver=1776711906\",\"caption\":\"mafsi\"},\"sameAs\":[\"https:\\\/\\\/corretja-sl.com\"]}]}<\/script>\n<!-- \/ Yoast SEO plugin. -->","yoast_head_json":{"title":"Porcelanosa como marca de preste de Corretja S.L | Corretja","description":"Porcelanosa es un grupo empresarial espa\u00f1ol con m\u00e1s de 50 a\u00f1os de experiencia, especializado en dise\u00f1o integral y fabricaci\u00f3n de soluciones arquitect\u00f3nicas.","robots":{"index":"index","follow":"follow","max-snippet":"max-snippet:-1","max-image-preview":"max-image-preview:large","max-video-preview":"max-video-preview:-1"},"canonical":"https:\/\/corretja-sl.com\/es\/porcelanosa-como-marca-de-preste-de-corretja-s-l\/","og_locale":"es_ES","og_type":"article","og_title":"Porcelanosa como marca de preste de Corretja S.L | Corretja","og_description":"Porcelanosa es un grupo empresarial espa\u00f1ol con m\u00e1s de 50 a\u00f1os de experiencia, especializado en dise\u00f1o integral y fabricaci\u00f3n de soluciones arquitect\u00f3nicas.","og_url":"https:\/\/corretja-sl.com\/es\/porcelanosa-como-marca-de-preste-de-corretja-s-l\/","og_site_name":"CORRETJA SL","article_publisher":"https:\/\/www.facebook.com\/corretjavic","article_published_time":"2025-06-18T11:28:23+00:00","article_modified_time":"2025-07-23T07:04:35+00:00","og_image":[{"width":1000,"height":1331,"url":"https:\/\/corretja-sl.com\/wp-content\/uploads\/2025\/06\/porcelanosa-ok.jpg","type":"image\/jpeg"}],"author":"mafsi","twitter_card":"summary_large_image","twitter_misc":{"Escrito por":"mafsi","Tiempo de lectura":"1 minuto"},"schema":{"@context":"https:\/\/schema.org","@graph":[{"@type":"Article","@id":"https:\/\/corretja-sl.com\/es\/porcelanosa-como-marca-de-preste-de-corretja-s-l\/#article","isPartOf":{"@id":"https:\/\/corretja-sl.com\/es\/porcelanosa-como-marca-de-preste-de-corretja-s-l\/"},"author":{"name":"mafsi","@id":"https:\/\/corretja-sl.com\/es\/#\/schema\/person\/32764d2ccf351b7e5af0480bc941275d"},"headline":"Porcelanosa como marca de preste de Corretja S.L","datePublished":"2025-06-18T11:28:23+00:00","dateModified":"2025-07-23T07:04:35+00:00","mainEntityOfPage":{"@id":"https:\/\/corretja-sl.com\/es\/porcelanosa-como-marca-de-preste-de-corretja-s-l\/"},"wordCount":116,"publisher":{"@id":"https:\/\/corretja-sl.com\/es\/#organization"},"image":{"@id":"https:\/\/corretja-sl.com\/es\/porcelanosa-como-marca-de-preste-de-corretja-s-l\/#primaryimage"},"thumbnailUrl":"https:\/\/corretja-sl.com\/wp-content\/uploads\/2025\/06\/porcelanosa-ok.jpg","articleSection":["Corretja"],"inLanguage":"es"},{"@type":"WebPage","@id":"https:\/\/corretja-sl.com\/es\/porcelanosa-como-marca-de-preste-de-corretja-s-l\/","url":"https:\/\/corretja-sl.com\/es\/porcelanosa-como-marca-de-preste-de-corretja-s-l\/","name":"Porcelanosa como marca de preste de Corretja S.L | Corretja","isPartOf":{"@id":"https:\/\/corretja-sl.com\/es\/#website"},"primaryImageOfPage":{"@id":"https:\/\/corretja-sl.com\/es\/porcelanosa-como-marca-de-preste-de-corretja-s-l\/#primaryimage"},"image":{"@id":"https:\/\/corretja-sl.com\/es\/porcelanosa-como-marca-de-preste-de-corretja-s-l\/#primaryimage"},"thumbnailUrl":"https:\/\/corretja-sl.com\/wp-content\/uploads\/2025\/06\/porcelanosa-ok.jpg","datePublished":"2025-06-18T11:28:23+00:00","dateModified":"2025-07-23T07:04:35+00:00","description":"Porcelanosa es un grupo empresarial espa\u00f1ol con m\u00e1s de 50 a\u00f1os de experiencia, especializado en dise\u00f1o integral y fabricaci\u00f3n de soluciones arquitect\u00f3nicas.","breadcrumb":{"@id":"https:\/\/corretja-sl.com\/es\/porcelanosa-como-marca-de-preste-de-corretja-s-l\/#breadcrumb"},"inLanguage":"es","potentialAction":[{"@type":"ReadAction","target":["https:\/\/corretja-sl.com\/es\/porcelanosa-como-marca-de-preste-de-corretja-s-l\/"]}]},{"@type":"ImageObject","inLanguage":"es","@id":"https:\/\/corretja-sl.com\/es\/porcelanosa-como-marca-de-preste-de-corretja-s-l\/#primaryimage","url":"https:\/\/corretja-sl.com\/wp-content\/uploads\/2025\/06\/porcelanosa-ok.jpg","contentUrl":"https:\/\/corretja-sl.com\/wp-content\/uploads\/2025\/06\/porcelanosa-ok.jpg","width":1000,"height":1331,"caption":"Porcelanosa Corretja"},{"@type":"BreadcrumbList","@id":"https:\/\/corretja-sl.com\/es\/porcelanosa-como-marca-de-preste-de-corretja-s-l\/#breadcrumb","itemListElement":[{"@type":"ListItem","position":1,"name":"Inici","item":"https:\/\/corretja-sl.com\/es\/"},{"@type":"ListItem","position":2,"name":"Porcelanosa como marca de preste de Corretja S.L"}]},{"@type":"WebSite","@id":"https:\/\/corretja-sl.com\/es\/#website","url":"https:\/\/corretja-sl.com\/es\/","name":"Corretja","description":"Corretja","publisher":{"@id":"https:\/\/corretja-sl.com\/es\/#organization"},"alternateName":"Corretja SL","potentialAction":[{"@type":"SearchAction","target":{"@type":"EntryPoint","urlTemplate":"https:\/\/corretja-sl.com\/es\/?s={search_term_string}"},"query-input":{"@type":"PropertyValueSpecification","valueRequired":true,"valueName":"search_term_string"}}],"inLanguage":"es"},{"@type":"Organization","@id":"https:\/\/corretja-sl.com\/es\/#organization","name":"Corretja","alternateName":"Corretja SL","url":"https:\/\/corretja-sl.com\/es\/","logo":{"@type":"ImageObject","inLanguage":"es","@id":"https:\/\/corretja-sl.com\/es\/#\/schema\/logo\/image\/","url":"https:\/\/corretja-sl.com\/wp-content\/uploads\/2024\/03\/Logo_CORRETJA-1.png","contentUrl":"https:\/\/corretja-sl.com\/wp-content\/uploads\/2024\/03\/Logo_CORRETJA-1.png","width":2270,"height":773,"caption":"Corretja"},"image":{"@id":"https:\/\/corretja-sl.com\/es\/#\/schema\/logo\/image\/"},"sameAs":["https:\/\/www.facebook.com\/corretjavic","https:\/\/www.instagram.com\/corretja_sl\/"]},{"@type":"Person","@id":"https:\/\/corretja-sl.com\/es\/#\/schema\/person\/32764d2ccf351b7e5af0480bc941275d","name":"mafsi","image":{"@type":"ImageObject","inLanguage":"es","@id":"https:\/\/corretja-sl.com\/wp-content\/litespeed\/avatar\/1bdbb270914f7a11e50eaf05f69b2a22.jpg?ver=1776711906","url":"https:\/\/corretja-sl.com\/wp-content\/litespeed\/avatar\/1bdbb270914f7a11e50eaf05f69b2a22.jpg?ver=1776711906","contentUrl":"https:\/\/corretja-sl.com\/wp-content\/litespeed\/avatar\/1bdbb270914f7a11e50eaf05f69b2a22.jpg?ver=1776711906","caption":"mafsi"},"sameAs":["https:\/\/corretja-sl.com"]}]}},"_links":{"self":[{"href":"https:\/\/corretja-sl.com\/es\/wp-json\/wp\/v2\/posts\/995667","targetHints":{"allow":["GET"]}}],"collection":[{"href":"https:\/\/corretja-sl.com\/es\/wp-json\/wp\/v2\/posts"}],"about":[{"href":"https:\/\/corretja-sl.com\/es\/wp-json\/wp\/v2\/types\/post"}],"author":[{"embeddable":true,"href":"https:\/\/corretja-sl.com\/es\/wp-json\/wp\/v2\/users\/1"}],"replies":[{"embeddable":true,"href":"https:\/\/corretja-sl.com\/es\/wp-json\/wp\/v2\/comments?post=995667"}],"version-history":[{"count":1,"href":"https:\/\/corretja-sl.com\/es\/wp-json\/wp\/v2\/posts\/995667\/revisions"}],"predecessor-version":[{"id":995740,"href":"https:\/\/corretja-sl.com\/es\/wp-json\/wp\/v2\/posts\/995667\/revisions\/995740"}],"wp:featuredmedia":[{"embeddable":true,"href":"https:\/\/corretja-sl.com\/es\/wp-json\/wp\/v2\/media\/995375"}],"wp:attachment":[{"href":"https:\/\/corretja-sl.com\/es\/wp-json\/wp\/v2\/media?parent=995667"}],"wp:term":[{"taxonomy":"category","embeddable":true,"href":"https:\/\/corretja-sl.com\/es\/wp-json\/wp\/v2\/categories?post=995667"},{"taxonomy":"post_tag","embeddable":true,"href":"https:\/\/corretja-sl.com\/es\/wp-json\/wp\/v2\/tags?post=995667"}],"curies":[{"name":"wp","href":"https:\/\/api.w.org\/{rel}","templated":true}]}}