{"id":995786,"date":"2020-04-21T10:33:33","date_gmt":"2020-04-21T08:33:33","guid":{"rendered":"https:\/\/corretja-sl.com\/el-orgullo-de-correa-como-patrocinador-del-vic-riuprimer-refo-futbol-club\/"},"modified":"2025-07-23T08:37:15","modified_gmt":"2025-07-23T06:37:15","slug":"el-orgullo-de-correa-como-patrocinador-del-vic-riuprimer-refo-futbol-club","status":"publish","type":"post","link":"https:\/\/corretja-sl.com\/es\/el-orgullo-de-correa-como-patrocinador-del-vic-riuprimer-refo-futbol-club\/","title":{"rendered":"El orgullo de Corretja como patrocinador del Vic-Riuprimer Refo F\u00fatbol Club"},"content":{"rendered":"<div class=\"vgblk-rw-wrapper limit-wrapper\">&#13;\n<p>Desde Corretja estamos muy contentos de ser un a\u00f1o m\u00e1s patrocinadoras del Vic-Riuprimer Refo.F.C, fomentando de esta forma la actividad f\u00edsica y social dentro de la comarca de Osona.<\/p>&#13;\n\r\n<div class=\"wp-block-columns is-layout-flex wp-container-core-columns-is-layout-9d6595d7 wp-block-columns-is-layout-flex\">\r\n<div class=\"wp-block-column is-layout-flow wp-block-column-is-layout-flow\">&#13;\n<figure class=\"wp-block-image size-large\"><img fetchpriority=\"high\" decoding=\"async\" width=\"331\" height=\"331\" class=\"wp-image-469\" src=\"https:\/\/corretja-sl.com\/wp-content\/uploads\/2020\/04\/Imagen-1.png\" alt=\"\" srcset=\"https:\/\/corretja-sl.com\/wp-content\/uploads\/2020\/04\/Imagen-1.png 331w, https:\/\/corretja-sl.com\/wp-content\/uploads\/2020\/04\/Imagen-1-300x300.png 300w, https:\/\/corretja-sl.com\/wp-content\/uploads\/2020\/04\/Imagen-1-150x150.png 150w\" sizes=\"(max-width: 331px) 100vw, 331px\" \/><\/figure>&#13;\n<\/div>\r\n\r\n\r\n\r\n<div class=\"wp-block-column is-layout-flow wp-block-column-is-layout-flow\">&#13;\n<figure class=\"wp-block-image size-large\"><img decoding=\"async\" width=\"336\" height=\"336\" class=\"wp-image-470\" src=\"https:\/\/corretja-sl.com\/wp-content\/uploads\/2020\/04\/Imagen-2.png\" alt=\"\" srcset=\"https:\/\/corretja-sl.com\/wp-content\/uploads\/2020\/04\/Imagen-2.png 336w, https:\/\/corretja-sl.com\/wp-content\/uploads\/2020\/04\/Imagen-2-300x300.png 300w, https:\/\/corretja-sl.com\/wp-content\/uploads\/2020\/04\/Imagen-2-150x150.png 150w\" sizes=\"(max-width: 336px) 100vw, 336px\" \/><\/figure>&#13;\n<\/div>\r\n<\/div>\r\n&#13;\n<p>Llevamos muchos a\u00f1os patrocinando el club, ya que en los inicios \u00e9ramos patrocinadores del club de nuestro pueblo: Santa Eulalia de Riuprimer, que posteriormente se uni\u00f3 con el Vic-Refo fundando as\u00ed el mayor club de la comarca de Osona.<\/p>&#13;\n&#13;\n<figure class=\"wp-block-image size-large\"><img decoding=\"async\" width=\"886\" height=\"615\" class=\"wp-image-472\" src=\"https:\/\/corretja-sl.com\/wp-content\/uploads\/2020\/04\/Imagen-3.png\" alt=\"\" srcset=\"https:\/\/corretja-sl.com\/wp-content\/uploads\/2020\/04\/Imagen-3.png 886w, https:\/\/corretja-sl.com\/wp-content\/uploads\/2020\/04\/Imagen-3-300x208.png 300w, https:\/\/corretja-sl.com\/wp-content\/uploads\/2020\/04\/Imagen-3-768x533.png 768w\" sizes=\"(max-width: 886px) 100vw, 886px\" \/><\/figure>&#13;\n&#13;\n<p>Desde entonces hemos tenido el privilegio de llevar nuestro logo a muchos equipajes como las camisetas de los partidos y tambi\u00e9n de sudadoras y ch\u00e1ndales que van renovando a\u00f1o tras a\u00f1o. En la actualidad el Vic-Riuprimer-Refo cuenta con un total de 28 equipos: 1 primer equipo, 5 equipos femeninos, 2 juveniles, 3 cadetes, 4 infantiles, 6 alevines, 3 benjamines, 3 prebenjamines y 1 escoleta. Las instalaciones est\u00e1n muy bien ya que se dispone de 2 campos de hierba artificial en el campo del Vic y 1 campo de hierba natural en Santa Eul\u00e0lia de Riuprimer y otros de f\u00fatbol 7.  <\/p>&#13;\n&#13;\n<figure class=\"wp-block-image size-large\"><img loading=\"lazy\" decoding=\"async\" width=\"885\" height=\"578\" class=\"wp-image-473\" src=\"https:\/\/corretja-sl.com\/wp-content\/uploads\/2020\/04\/Imagen-4.png\" alt=\"\" srcset=\"https:\/\/corretja-sl.com\/wp-content\/uploads\/2020\/04\/Imagen-4.png 885w, https:\/\/corretja-sl.com\/wp-content\/uploads\/2020\/04\/Imagen-4-300x196.png 300w, https:\/\/corretja-sl.com\/wp-content\/uploads\/2020\/04\/Imagen-4-768x502.png 768w\" sizes=\"(max-width: 885px) 100vw, 885px\" \/><\/figure>&#13;\n&#13;\n<figure class=\"wp-block-image size-large\"><img loading=\"lazy\" decoding=\"async\" width=\"886\" height=\"547\" class=\"wp-image-474\" src=\"https:\/\/corretja-sl.com\/wp-content\/uploads\/2020\/04\/Imagen-5.png\" alt=\"\" srcset=\"https:\/\/corretja-sl.com\/wp-content\/uploads\/2020\/04\/Imagen-5.png 886w, https:\/\/corretja-sl.com\/wp-content\/uploads\/2020\/04\/Imagen-5-300x185.png 300w, https:\/\/corretja-sl.com\/wp-content\/uploads\/2020\/04\/Imagen-5-768x474.png 768w\" sizes=\"(max-width: 886px) 100vw, 886px\" \/><\/figure>&#13;\n&#13;\n<p>Este a\u00f1o Corretja me lanz\u00f3 el hasthag <strong>#juguemacasa<\/strong>. Jugamos en casa va relacionado con el deporte porque podr\u00eda ser jugar como local, y tambi\u00e9n jugamos en casa como \u201celemento constructivo\u201d donde pasamos la mayor\u00eda de horas del tiempo y donde las familias disfrutan jugando con los ni\u00f1os, ya sea al f\u00fatbol como a cualquier otra actividad.<\/p>&#13;\n&#13;\n<p>Sin embargo este a\u00f1o nos lo cogeremos con el m\u00e1ximo humor posible porque el hashtag #juguemacasa ha sido sustituido por el #joemquedoacasa debido a los problemas del coronavirus. Los ni\u00f1os a aprovechado para hacer v\u00eddeos y entrenamiento conjuntamente donde hacen disparos, toques y otras habilidades deportivas. <\/p>&#13;\n&#13;\n<p>A continuaci\u00f3n le dejamos el enlace donde puede ver las actividades de los m\u00e1s peque\u00f1os estos d\u00edas: <a href=\"https:\/\/twitter.com\/hashtag\/SomhiVicRiuprimerREFO\">https:\/\/twitter.com\/hashtag\/SomhiVicRiuprimerREFO<\/a><\/p>&#13;\n&#13;\n<figure class=\"wp-block-image size-large\"><img loading=\"lazy\" decoding=\"async\" width=\"886\" height=\"368\" class=\"wp-image-477\" src=\"https:\/\/corretja-sl.com\/wp-content\/uploads\/2020\/04\/Imagen-6.png\" alt=\"\" srcset=\"https:\/\/corretja-sl.com\/wp-content\/uploads\/2020\/04\/Imagen-6.png 886w, https:\/\/corretja-sl.com\/wp-content\/uploads\/2020\/04\/Imagen-6-300x125.png 300w, https:\/\/corretja-sl.com\/wp-content\/uploads\/2020\/04\/Imagen-6-768x319.png 768w\" sizes=\"(max-width: 886px) 100vw, 886px\" \/><\/figure>&#13;\n&#13;\n<figure class=\"wp-block-image size-large\"><img loading=\"lazy\" decoding=\"async\" width=\"886\" height=\"367\" class=\"wp-image-478\" src=\"https:\/\/corretja-sl.com\/wp-content\/uploads\/2020\/04\/Imagen-7.png\" alt=\"\" srcset=\"https:\/\/corretja-sl.com\/wp-content\/uploads\/2020\/04\/Imagen-7.png 886w, https:\/\/corretja-sl.com\/wp-content\/uploads\/2020\/04\/Imagen-7-300x124.png 300w, https:\/\/corretja-sl.com\/wp-content\/uploads\/2020\/04\/Imagen-7-768x318.png 768w\" sizes=\"(max-width: 886px) 100vw, 886px\" \/><\/figure>&#13;\n<\/div><!-- .vgblk-rw-wrapper -->","protected":false},"excerpt":{"rendered":"<p>&#13; Desde Corretja estamos muy contentos de ser un a\u00f1o m\u00e1s patrocinadoras del Vic-Riuprimer Refo.F.C, fomentando de esta forma la actividad f\u00edsica y social dentro de la comarca de Osona. &#13; &#13; Llevamos muchos a\u00f1os patrocinando el club, ya que en los inicios \u00e9ramos patrocinadores del club de nuestro pueblo: Santa Eulalia de Riuprimer, que&#8230;<\/p>\n","protected":false},"author":1,"featured_media":994408,"comment_status":"closed","ping_status":"closed","sticky":false,"template":"","format":"standard","meta":{"footnotes":""},"categories":[168],"tags":[],"class_list":["post-995786","post","type-post","status-publish","format-standard","has-post-thumbnail","hentry","category-corretja-es"],"yoast_head":"<!-- This site is optimized with the Yoast SEO plugin v27.4 - https:\/\/yoast.com\/product\/yoast-seo-wordpress\/ -->\n<title>El orgullo de Corretja como patrocinador del Vic-Riuprimer Refo F\u00fatbol Club | Corretja<\/title>\n<meta name=\"description\" content=\"Desde Corretja estamos muy contentos de ser un a\u00f1o m\u00e1s patrocinadores del Vic-Riuprimer Refo.F.C, fomentando de esta forma la actividad f\u00edsica y social dentro de la comarca de Osona.\" \/>\n<meta name=\"robots\" content=\"index, follow, max-snippet:-1, max-image-preview:large, max-video-preview:-1\" \/>\n<link rel=\"canonical\" href=\"https:\/\/corretja-sl.com\/es\/el-orgullo-de-correa-como-patrocinador-del-vic-riuprimer-refo-futbol-club\/\" \/>\n<meta property=\"og:locale\" content=\"es_ES\" \/>\n<meta property=\"og:type\" content=\"article\" \/>\n<meta property=\"og:title\" content=\"El orgullo de Corretja como patrocinador del Vic-Riuprimer Refo F\u00fatbol Club | Corretja\" \/>\n<meta property=\"og:description\" content=\"Desde Corretja estamos muy contentos de ser un a\u00f1o m\u00e1s patrocinadores del Vic-Riuprimer Refo.F.C, fomentando de esta forma la actividad f\u00edsica y social dentro de la comarca de Osona.\" \/>\n<meta property=\"og:url\" content=\"https:\/\/corretja-sl.com\/es\/el-orgullo-de-correa-como-patrocinador-del-vic-riuprimer-refo-futbol-club\/\" \/>\n<meta property=\"og:site_name\" content=\"CORRETJA SL\" \/>\n<meta property=\"article:publisher\" content=\"https:\/\/www.facebook.com\/corretjavic\" \/>\n<meta property=\"article:published_time\" content=\"2020-04-21T08:33:33+00:00\" \/>\n<meta property=\"article:modified_time\" content=\"2025-07-23T06:37:15+00:00\" \/>\n<meta property=\"og:image\" content=\"https:\/\/corretja-sl.com\/wp-content\/uploads\/2020\/04\/Imagen-2.png\" \/>\n\t<meta property=\"og:image:width\" content=\"336\" \/>\n\t<meta property=\"og:image:height\" content=\"336\" \/>\n\t<meta property=\"og:image:type\" content=\"image\/png\" \/>\n<meta name=\"author\" content=\"mafsi\" \/>\n<meta name=\"twitter:card\" content=\"summary_large_image\" \/>\n<meta name=\"twitter:label1\" content=\"Escrito por\" \/>\n\t<meta name=\"twitter:data1\" content=\"mafsi\" \/>\n\t<meta name=\"twitter:label2\" content=\"Tiempo de lectura\" \/>\n\t<meta name=\"twitter:data2\" content=\"2 minutos\" \/>\n<script type=\"application\/ld+json\" class=\"yoast-schema-graph\">{\"@context\":\"https:\\\/\\\/schema.org\",\"@graph\":[{\"@type\":\"Article\",\"@id\":\"https:\\\/\\\/corretja-sl.com\\\/es\\\/el-orgullo-de-correa-como-patrocinador-del-vic-riuprimer-refo-futbol-club\\\/#article\",\"isPartOf\":{\"@id\":\"https:\\\/\\\/corretja-sl.com\\\/es\\\/el-orgullo-de-correa-como-patrocinador-del-vic-riuprimer-refo-futbol-club\\\/\"},\"author\":{\"name\":\"mafsi\",\"@id\":\"https:\\\/\\\/corretja-sl.com\\\/es\\\/#\\\/schema\\\/person\\\/32764d2ccf351b7e5af0480bc941275d\"},\"headline\":\"El orgullo de Corretja como patrocinador del Vic-Riuprimer Refo F\u00fatbol Club\",\"datePublished\":\"2020-04-21T08:33:33+00:00\",\"dateModified\":\"2025-07-23T06:37:15+00:00\",\"mainEntityOfPage\":{\"@id\":\"https:\\\/\\\/corretja-sl.com\\\/es\\\/el-orgullo-de-correa-como-patrocinador-del-vic-riuprimer-refo-futbol-club\\\/\"},\"wordCount\":318,\"publisher\":{\"@id\":\"https:\\\/\\\/corretja-sl.com\\\/es\\\/#organization\"},\"image\":{\"@id\":\"https:\\\/\\\/corretja-sl.com\\\/es\\\/el-orgullo-de-correa-como-patrocinador-del-vic-riuprimer-refo-futbol-club\\\/#primaryimage\"},\"thumbnailUrl\":\"https:\\\/\\\/corretja-sl.com\\\/wp-content\\\/uploads\\\/2020\\\/04\\\/Imagen-2.png\",\"articleSection\":[\"Corretja\"],\"inLanguage\":\"es\"},{\"@type\":\"WebPage\",\"@id\":\"https:\\\/\\\/corretja-sl.com\\\/es\\\/el-orgullo-de-correa-como-patrocinador-del-vic-riuprimer-refo-futbol-club\\\/\",\"url\":\"https:\\\/\\\/corretja-sl.com\\\/es\\\/el-orgullo-de-correa-como-patrocinador-del-vic-riuprimer-refo-futbol-club\\\/\",\"name\":\"El orgullo de Corretja como patrocinador del Vic-Riuprimer Refo F\u00fatbol Club | Corretja\",\"isPartOf\":{\"@id\":\"https:\\\/\\\/corretja-sl.com\\\/es\\\/#website\"},\"primaryImageOfPage\":{\"@id\":\"https:\\\/\\\/corretja-sl.com\\\/es\\\/el-orgullo-de-correa-como-patrocinador-del-vic-riuprimer-refo-futbol-club\\\/#primaryimage\"},\"image\":{\"@id\":\"https:\\\/\\\/corretja-sl.com\\\/es\\\/el-orgullo-de-correa-como-patrocinador-del-vic-riuprimer-refo-futbol-club\\\/#primaryimage\"},\"thumbnailUrl\":\"https:\\\/\\\/corretja-sl.com\\\/wp-content\\\/uploads\\\/2020\\\/04\\\/Imagen-2.png\",\"datePublished\":\"2020-04-21T08:33:33+00:00\",\"dateModified\":\"2025-07-23T06:37:15+00:00\",\"description\":\"Desde Corretja estamos muy contentos de ser un a\u00f1o m\u00e1s patrocinadores del Vic-Riuprimer Refo.F.C, fomentando de esta forma la actividad f\u00edsica y social dentro de la comarca de Osona.\",\"breadcrumb\":{\"@id\":\"https:\\\/\\\/corretja-sl.com\\\/es\\\/el-orgullo-de-correa-como-patrocinador-del-vic-riuprimer-refo-futbol-club\\\/#breadcrumb\"},\"inLanguage\":\"es\",\"potentialAction\":[{\"@type\":\"ReadAction\",\"target\":[\"https:\\\/\\\/corretja-sl.com\\\/es\\\/el-orgullo-de-correa-como-patrocinador-del-vic-riuprimer-refo-futbol-club\\\/\"]}]},{\"@type\":\"ImageObject\",\"inLanguage\":\"es\",\"@id\":\"https:\\\/\\\/corretja-sl.com\\\/es\\\/el-orgullo-de-correa-como-patrocinador-del-vic-riuprimer-refo-futbol-club\\\/#primaryimage\",\"url\":\"https:\\\/\\\/corretja-sl.com\\\/wp-content\\\/uploads\\\/2020\\\/04\\\/Imagen-2.png\",\"contentUrl\":\"https:\\\/\\\/corretja-sl.com\\\/wp-content\\\/uploads\\\/2020\\\/04\\\/Imagen-2.png\",\"width\":336,\"height\":336,\"caption\":\"Corretja Patrocinador Futbol\"},{\"@type\":\"BreadcrumbList\",\"@id\":\"https:\\\/\\\/corretja-sl.com\\\/es\\\/el-orgullo-de-correa-como-patrocinador-del-vic-riuprimer-refo-futbol-club\\\/#breadcrumb\",\"itemListElement\":[{\"@type\":\"ListItem\",\"position\":1,\"name\":\"Inici\",\"item\":\"https:\\\/\\\/corretja-sl.com\\\/es\\\/\"},{\"@type\":\"ListItem\",\"position\":2,\"name\":\"El orgullo de Corretja como patrocinador del Vic-Riuprimer Refo F\u00fatbol Club\"}]},{\"@type\":\"WebSite\",\"@id\":\"https:\\\/\\\/corretja-sl.com\\\/es\\\/#website\",\"url\":\"https:\\\/\\\/corretja-sl.com\\\/es\\\/\",\"name\":\"Corretja\",\"description\":\"Corretja\",\"publisher\":{\"@id\":\"https:\\\/\\\/corretja-sl.com\\\/es\\\/#organization\"},\"alternateName\":\"Corretja SL\",\"potentialAction\":[{\"@type\":\"SearchAction\",\"target\":{\"@type\":\"EntryPoint\",\"urlTemplate\":\"https:\\\/\\\/corretja-sl.com\\\/es\\\/?s={search_term_string}\"},\"query-input\":{\"@type\":\"PropertyValueSpecification\",\"valueRequired\":true,\"valueName\":\"search_term_string\"}}],\"inLanguage\":\"es\"},{\"@type\":\"Organization\",\"@id\":\"https:\\\/\\\/corretja-sl.com\\\/es\\\/#organization\",\"name\":\"Corretja\",\"alternateName\":\"Corretja SL\",\"url\":\"https:\\\/\\\/corretja-sl.com\\\/es\\\/\",\"logo\":{\"@type\":\"ImageObject\",\"inLanguage\":\"es\",\"@id\":\"https:\\\/\\\/corretja-sl.com\\\/es\\\/#\\\/schema\\\/logo\\\/image\\\/\",\"url\":\"https:\\\/\\\/corretja-sl.com\\\/wp-content\\\/uploads\\\/2024\\\/03\\\/Logo_CORRETJA-1.png\",\"contentUrl\":\"https:\\\/\\\/corretja-sl.com\\\/wp-content\\\/uploads\\\/2024\\\/03\\\/Logo_CORRETJA-1.png\",\"width\":2270,\"height\":773,\"caption\":\"Corretja\"},\"image\":{\"@id\":\"https:\\\/\\\/corretja-sl.com\\\/es\\\/#\\\/schema\\\/logo\\\/image\\\/\"},\"sameAs\":[\"https:\\\/\\\/www.facebook.com\\\/corretjavic\",\"https:\\\/\\\/www.instagram.com\\\/corretja_sl\\\/\"]},{\"@type\":\"Person\",\"@id\":\"https:\\\/\\\/corretja-sl.com\\\/es\\\/#\\\/schema\\\/person\\\/32764d2ccf351b7e5af0480bc941275d\",\"name\":\"mafsi\",\"image\":{\"@type\":\"ImageObject\",\"inLanguage\":\"es\",\"@id\":\"https:\\\/\\\/corretja-sl.com\\\/wp-content\\\/litespeed\\\/avatar\\\/1bdbb270914f7a11e50eaf05f69b2a22.jpg?ver=1776711906\",\"url\":\"https:\\\/\\\/corretja-sl.com\\\/wp-content\\\/litespeed\\\/avatar\\\/1bdbb270914f7a11e50eaf05f69b2a22.jpg?ver=1776711906\",\"contentUrl\":\"https:\\\/\\\/corretja-sl.com\\\/wp-content\\\/litespeed\\\/avatar\\\/1bdbb270914f7a11e50eaf05f69b2a22.jpg?ver=1776711906\",\"caption\":\"mafsi\"},\"sameAs\":[\"https:\\\/\\\/corretja-sl.com\"]}]}<\/script>\n<!-- \/ Yoast SEO plugin. -->","yoast_head_json":{"title":"El orgullo de Corretja como patrocinador del Vic-Riuprimer Refo F\u00fatbol Club | Corretja","description":"Desde Corretja estamos muy contentos de ser un a\u00f1o m\u00e1s patrocinadores del Vic-Riuprimer Refo.F.C, fomentando de esta forma la actividad f\u00edsica y social dentro de la comarca de Osona.","robots":{"index":"index","follow":"follow","max-snippet":"max-snippet:-1","max-image-preview":"max-image-preview:large","max-video-preview":"max-video-preview:-1"},"canonical":"https:\/\/corretja-sl.com\/es\/el-orgullo-de-correa-como-patrocinador-del-vic-riuprimer-refo-futbol-club\/","og_locale":"es_ES","og_type":"article","og_title":"El orgullo de Corretja como patrocinador del Vic-Riuprimer Refo F\u00fatbol Club | Corretja","og_description":"Desde Corretja estamos muy contentos de ser un a\u00f1o m\u00e1s patrocinadores del Vic-Riuprimer Refo.F.C, fomentando de esta forma la actividad f\u00edsica y social dentro de la comarca de Osona.","og_url":"https:\/\/corretja-sl.com\/es\/el-orgullo-de-correa-como-patrocinador-del-vic-riuprimer-refo-futbol-club\/","og_site_name":"CORRETJA SL","article_publisher":"https:\/\/www.facebook.com\/corretjavic","article_published_time":"2020-04-21T08:33:33+00:00","article_modified_time":"2025-07-23T06:37:15+00:00","og_image":[{"width":336,"height":336,"url":"https:\/\/corretja-sl.com\/wp-content\/uploads\/2020\/04\/Imagen-2.png","type":"image\/png"}],"author":"mafsi","twitter_card":"summary_large_image","twitter_misc":{"Escrito por":"mafsi","Tiempo de lectura":"2 minutos"},"schema":{"@context":"https:\/\/schema.org","@graph":[{"@type":"Article","@id":"https:\/\/corretja-sl.com\/es\/el-orgullo-de-correa-como-patrocinador-del-vic-riuprimer-refo-futbol-club\/#article","isPartOf":{"@id":"https:\/\/corretja-sl.com\/es\/el-orgullo-de-correa-como-patrocinador-del-vic-riuprimer-refo-futbol-club\/"},"author":{"name":"mafsi","@id":"https:\/\/corretja-sl.com\/es\/#\/schema\/person\/32764d2ccf351b7e5af0480bc941275d"},"headline":"El orgullo de Corretja como patrocinador del Vic-Riuprimer Refo F\u00fatbol Club","datePublished":"2020-04-21T08:33:33+00:00","dateModified":"2025-07-23T06:37:15+00:00","mainEntityOfPage":{"@id":"https:\/\/corretja-sl.com\/es\/el-orgullo-de-correa-como-patrocinador-del-vic-riuprimer-refo-futbol-club\/"},"wordCount":318,"publisher":{"@id":"https:\/\/corretja-sl.com\/es\/#organization"},"image":{"@id":"https:\/\/corretja-sl.com\/es\/el-orgullo-de-correa-como-patrocinador-del-vic-riuprimer-refo-futbol-club\/#primaryimage"},"thumbnailUrl":"https:\/\/corretja-sl.com\/wp-content\/uploads\/2020\/04\/Imagen-2.png","articleSection":["Corretja"],"inLanguage":"es"},{"@type":"WebPage","@id":"https:\/\/corretja-sl.com\/es\/el-orgullo-de-correa-como-patrocinador-del-vic-riuprimer-refo-futbol-club\/","url":"https:\/\/corretja-sl.com\/es\/el-orgullo-de-correa-como-patrocinador-del-vic-riuprimer-refo-futbol-club\/","name":"El orgullo de Corretja como patrocinador del Vic-Riuprimer Refo F\u00fatbol Club | Corretja","isPartOf":{"@id":"https:\/\/corretja-sl.com\/es\/#website"},"primaryImageOfPage":{"@id":"https:\/\/corretja-sl.com\/es\/el-orgullo-de-correa-como-patrocinador-del-vic-riuprimer-refo-futbol-club\/#primaryimage"},"image":{"@id":"https:\/\/corretja-sl.com\/es\/el-orgullo-de-correa-como-patrocinador-del-vic-riuprimer-refo-futbol-club\/#primaryimage"},"thumbnailUrl":"https:\/\/corretja-sl.com\/wp-content\/uploads\/2020\/04\/Imagen-2.png","datePublished":"2020-04-21T08:33:33+00:00","dateModified":"2025-07-23T06:37:15+00:00","description":"Desde Corretja estamos muy contentos de ser un a\u00f1o m\u00e1s patrocinadores del Vic-Riuprimer Refo.F.C, fomentando de esta forma la actividad f\u00edsica y social dentro de la comarca de Osona.","breadcrumb":{"@id":"https:\/\/corretja-sl.com\/es\/el-orgullo-de-correa-como-patrocinador-del-vic-riuprimer-refo-futbol-club\/#breadcrumb"},"inLanguage":"es","potentialAction":[{"@type":"ReadAction","target":["https:\/\/corretja-sl.com\/es\/el-orgullo-de-correa-como-patrocinador-del-vic-riuprimer-refo-futbol-club\/"]}]},{"@type":"ImageObject","inLanguage":"es","@id":"https:\/\/corretja-sl.com\/es\/el-orgullo-de-correa-como-patrocinador-del-vic-riuprimer-refo-futbol-club\/#primaryimage","url":"https:\/\/corretja-sl.com\/wp-content\/uploads\/2020\/04\/Imagen-2.png","contentUrl":"https:\/\/corretja-sl.com\/wp-content\/uploads\/2020\/04\/Imagen-2.png","width":336,"height":336,"caption":"Corretja Patrocinador Futbol"},{"@type":"BreadcrumbList","@id":"https:\/\/corretja-sl.com\/es\/el-orgullo-de-correa-como-patrocinador-del-vic-riuprimer-refo-futbol-club\/#breadcrumb","itemListElement":[{"@type":"ListItem","position":1,"name":"Inici","item":"https:\/\/corretja-sl.com\/es\/"},{"@type":"ListItem","position":2,"name":"El orgullo de Corretja como patrocinador del Vic-Riuprimer Refo F\u00fatbol Club"}]},{"@type":"WebSite","@id":"https:\/\/corretja-sl.com\/es\/#website","url":"https:\/\/corretja-sl.com\/es\/","name":"Corretja","description":"Corretja","publisher":{"@id":"https:\/\/corretja-sl.com\/es\/#organization"},"alternateName":"Corretja SL","potentialAction":[{"@type":"SearchAction","target":{"@type":"EntryPoint","urlTemplate":"https:\/\/corretja-sl.com\/es\/?s={search_term_string}"},"query-input":{"@type":"PropertyValueSpecification","valueRequired":true,"valueName":"search_term_string"}}],"inLanguage":"es"},{"@type":"Organization","@id":"https:\/\/corretja-sl.com\/es\/#organization","name":"Corretja","alternateName":"Corretja SL","url":"https:\/\/corretja-sl.com\/es\/","logo":{"@type":"ImageObject","inLanguage":"es","@id":"https:\/\/corretja-sl.com\/es\/#\/schema\/logo\/image\/","url":"https:\/\/corretja-sl.com\/wp-content\/uploads\/2024\/03\/Logo_CORRETJA-1.png","contentUrl":"https:\/\/corretja-sl.com\/wp-content\/uploads\/2024\/03\/Logo_CORRETJA-1.png","width":2270,"height":773,"caption":"Corretja"},"image":{"@id":"https:\/\/corretja-sl.com\/es\/#\/schema\/logo\/image\/"},"sameAs":["https:\/\/www.facebook.com\/corretjavic","https:\/\/www.instagram.com\/corretja_sl\/"]},{"@type":"Person","@id":"https:\/\/corretja-sl.com\/es\/#\/schema\/person\/32764d2ccf351b7e5af0480bc941275d","name":"mafsi","image":{"@type":"ImageObject","inLanguage":"es","@id":"https:\/\/corretja-sl.com\/wp-content\/litespeed\/avatar\/1bdbb270914f7a11e50eaf05f69b2a22.jpg?ver=1776711906","url":"https:\/\/corretja-sl.com\/wp-content\/litespeed\/avatar\/1bdbb270914f7a11e50eaf05f69b2a22.jpg?ver=1776711906","contentUrl":"https:\/\/corretja-sl.com\/wp-content\/litespeed\/avatar\/1bdbb270914f7a11e50eaf05f69b2a22.jpg?ver=1776711906","caption":"mafsi"},"sameAs":["https:\/\/corretja-sl.com"]}]}},"_links":{"self":[{"href":"https:\/\/corretja-sl.com\/es\/wp-json\/wp\/v2\/posts\/995786","targetHints":{"allow":["GET"]}}],"collection":[{"href":"https:\/\/corretja-sl.com\/es\/wp-json\/wp\/v2\/posts"}],"about":[{"href":"https:\/\/corretja-sl.com\/es\/wp-json\/wp\/v2\/types\/post"}],"author":[{"embeddable":true,"href":"https:\/\/corretja-sl.com\/es\/wp-json\/wp\/v2\/users\/1"}],"replies":[{"embeddable":true,"href":"https:\/\/corretja-sl.com\/es\/wp-json\/wp\/v2\/comments?post=995786"}],"version-history":[{"count":3,"href":"https:\/\/corretja-sl.com\/es\/wp-json\/wp\/v2\/posts\/995786\/revisions"}],"predecessor-version":[{"id":995883,"href":"https:\/\/corretja-sl.com\/es\/wp-json\/wp\/v2\/posts\/995786\/revisions\/995883"}],"wp:featuredmedia":[{"embeddable":true,"href":"https:\/\/corretja-sl.com\/es\/wp-json\/wp\/v2\/media\/994408"}],"wp:attachment":[{"href":"https:\/\/corretja-sl.com\/es\/wp-json\/wp\/v2\/media?parent=995786"}],"wp:term":[{"taxonomy":"category","embeddable":true,"href":"https:\/\/corretja-sl.com\/es\/wp-json\/wp\/v2\/categories?post=995786"},{"taxonomy":"post_tag","embeddable":true,"href":"https:\/\/corretja-sl.com\/es\/wp-json\/wp\/v2\/tags?post=995786"}],"curies":[{"name":"wp","href":"https:\/\/api.w.org\/{rel}","templated":true}]}}